{"id":1001,"date":"2017-06-28T23:59:59","date_gmt":"2017-06-28T21:59:59","guid":{"rendered":"https:\/\/www.avl3c.org\/vexinzone109\/?p=1001"},"modified":"2024-11-12T16:32:28","modified_gmt":"2024-11-12T15:32:28","slug":"motion-des-elus-de-la-vallee-de-la-montcient-et-de-la-vallee-de-la-seine","status":"publish","type":"post","link":"https:\/\/www.avl3c.org\/vexinzone109\/motion-des-elus-de-la-vallee-de-la-montcient-et-de-la-vallee-de-la-seine\/","title":{"rendered":"Motion des \u00e9lus de la vall\u00e9e de la Montcient et de la vall\u00e9e de la Seine"},"content":{"rendered":"<p>Alors que la soci\u00e9t\u00e9 Calcia\/Italcimenti\/HeidelbergCement se pr\u00e9parerait \u00e0 d\u00e9poser un dossier<br \/>\nde demande d&rsquo;autorisation pour exploiter pendant 30 ans une carri\u00e8re cimenti\u00e8re sur 104<br \/>\nhectares \u00e0 Brueil-en-Vexin, nous, \u00e9lus de la Vall\u00e9e de la Montcient, de la Vall\u00e9e de la Seine et<br \/>\ndu Vexin, tenons \u00e0 exprimer nos interrogations et nos craintes.<br \/>\n<img decoding=\"async\" class=\"aligncenter\" src=\"https:\/\/www.avl3c.org\/local\/cache-vignettes\/L500xH238\/image_motion_des_maires-cda7f.png?1603383469\" \/><br \/>\nCe projet dont nous comprenons la logique industrielle et qui est le prolongement de<br \/>\nd\u00e9cisions prises il y a pr\u00e8s d&rsquo;un quart de si\u00e8cle, nous para\u00eet aujourd&rsquo;hui risqu\u00e9, voire<br \/>\ndangereux, pour les habitants de nos communes et l&rsquo;avenir de leurs enfants.<\/p>\n<p><a href=\"https:\/\/www.avl3c.org\/IMG\/pdf\/motion_maires_avril_2017.pdf\" target=\"_blank\" rel=\"noopener noreferrer\">T\u00e9l\u00e9charger le document au format pdf<\/a><\/p>\n","protected":false},"excerpt":{"rendered":"<p>Alors que la soci\u00e9t\u00e9 Calcia\/Italcimenti\/HeidelbergCement se pr\u00e9parerait \u00e0 d\u00e9poser un dossier de demande d&rsquo;autorisation pour exploiter pendant 30 ans une carri\u00e8re cimenti\u00e8re sur 104 hectares \u00e0 Brueil-en-Vexin, nous, \u00e9lus de la Vall\u00e9e de la Montcient, de la Vall\u00e9e de la Seine et du Vexin, tenons \u00e0 exprimer nos interrogations et nos craintes. Ce projet dont [&hellip;]<\/p>\n","protected":false},"author":1,"featured_media":0,"comment_status":"closed","ping_status":"open","sticky":false,"template":"","format":"standard","meta":{"footnotes":""},"categories":[51],"tags":[],"class_list":["post-1001","post","type-post","status-publish","format-standard","hentry","category-sinformer"],"_links":{"self":[{"href":"https:\/\/www.avl3c.org\/vexinzone109\/wp-json\/wp\/v2\/posts\/1001","targetHints":{"allow":["GET"]}}],"collection":[{"href":"https:\/\/www.avl3c.org\/vexinzone109\/wp-json\/wp\/v2\/posts"}],"about":[{"href":"https:\/\/www.avl3c.org\/vexinzone109\/wp-json\/wp\/v2\/types\/post"}],"author":[{"embeddable":true,"href":"https:\/\/www.avl3c.org\/vexinzone109\/wp-json\/wp\/v2\/users\/1"}],"replies":[{"embeddable":true,"href":"https:\/\/www.avl3c.org\/vexinzone109\/wp-json\/wp\/v2\/comments?post=1001"}],"version-history":[{"count":1,"href":"https:\/\/www.avl3c.org\/vexinzone109\/wp-json\/wp\/v2\/posts\/1001\/revisions"}],"predecessor-version":[{"id":1974,"href":"https:\/\/www.avl3c.org\/vexinzone109\/wp-json\/wp\/v2\/posts\/1001\/revisions\/1974"}],"wp:attachment":[{"href":"https:\/\/www.avl3c.org\/vexinzone109\/wp-json\/wp\/v2\/media?parent=1001"}],"wp:term":[{"taxonomy":"category","embeddable":true,"href":"https:\/\/www.avl3c.org\/vexinzone109\/wp-json\/wp\/v2\/categories?post=1001"},{"taxonomy":"post_tag","embeddable":true,"href":"https:\/\/www.avl3c.org\/vexinzone109\/wp-json\/wp\/v2\/tags?post=1001"}],"curies":[{"name":"wp","href":"https:\/\/api.w.org\/{rel}","templated":true}]}}