{"id":1003,"date":"2017-07-13T23:37:41","date_gmt":"2017-07-13T21:37:41","guid":{"rendered":"https:\/\/www.avl3c.org\/vexinzone109\/?p=1003"},"modified":"2024-11-12T16:32:28","modified_gmt":"2024-11-12T15:32:28","slug":"alerte-rouge","status":"publish","type":"post","link":"https:\/\/www.avl3c.org\/vexinzone109\/alerte-rouge\/","title":{"rendered":"Alerte rouge !"},"content":{"rendered":"<p><strong>Mauvaise nouvelle :<\/strong><\/p>\n<p>HeidelbergCement France a d\u00e9pos\u00e9 aupr\u00e8s des services comp\u00e9tents de l&rsquo;Etat le 4 juillet 2017 sa demande de permis d\u2019exploiter une carri\u00e8re \u00e0 Brueil en Vexin.<br \/>\nLes maires concern\u00e9s et le PNR ont re\u00e7u un courrier afin de les aviser de cette action et leur proposent une pr\u00e9sentation du dossier devant leurs conseils municipaux respectifs.<br \/>\nIl est clair qu\u2019\u00e0 la veille du 14 juillet, le moment est particuli\u00e8rement propice aux r\u00e9unions de conseil !<br \/>\nA noter que le 1er juillet entrait en vigueur une nouvelle formule du \u00ab\u00a0d\u00e9p\u00f4t de demande de permis d&rsquo;exploiter\u00a0\u00bb. Il s&rsquo;agit maintenant d&rsquo;une \u00ab\u00a0demande d\u2019autorisation environnementale unique\u00a0\u00bb.<br \/>\nNous allons \u00e9tudier les cons\u00e9quences de cette nouvelle r\u00e9glementation, qui aboutit \u00e0 pr\u00e9cipiter l\u2019instruction du dossier (4 mois au lieu d\u2019un an) et \u00e0 renforcer les liens entre l\u2019administration et les industriels demandeurs, ainsi que les pouvoirs du juge du tribunal administratif (dont on sait dans quel sens il penche le plus souvent).<\/p>\n<p>Sur cette \u00ab\u00a0\u2019autorisation environnementale unique\u00a0\u00bb: <a href=\"http:\/\/www.centre.developpement-durable.gouv.fr\/autorisation-environnementale-unique-a2454.html\">en savoir plus<\/a><\/p>\n<p><strong>Bonnes nouvelles :<\/strong><\/p>\n<p>Comme vous vous en doutez, nous ne baissons pas les bras, ni en hiver, ni en \u00e9t\u00e9.<br \/>\nNous affirmerons plus que jamais notre refus de ces projets dommageables \u00e0 la population de toute la r\u00e9gion.<br \/>\nNous agirons pendant la p\u00e9riode d\u2019instruction du dossier pour le faire savoir.<br \/>\nComme vous le savez, trente maires de la vall\u00e9e de la Seine, de la vall\u00e9e de la Montcient et du Vexin ont sign\u00e9 une motion refusant le projet d\u2019extension de carri\u00e8re, au nom du principe de pr\u00e9caution. Cela repr\u00e9sente une force.<\/p>\n<p>Nous allons nous tourner vers eux pour leur demander d\u2019agir dans ce dossier.<br \/>\nPar l\u2019interm\u00e9diaire de notre nouveau d\u00e9put\u00e9, Michel VIALAY, (signataire de cette motion en tant que maire de Mantes-la-Jolie), nous sommes en train de transmettre un dossier \u00e0 Nicolas Hulot.  <\/p>\n<p>Bonne nouvelle encore, hier, <strong>12 juillet 2017, le Conseil d\u2019Etat a pris une d\u00e9cision \u00abhistorique\u00bb pour obliger l\u2019Etat \u00e0 agir contre la pollution a\u00e9rienne.<br \/>\n<\/strong> C&rsquo;est la premi\u00e8re fois qu&rsquo;une ONG r\u00e9ussit \u00e0 faire condamner l&rsquo;Etat, cela va dans notre sens. <a href=\" https:\/\/m.actu-environnement.com\/actualites\/pollution-air-Amis-Terre-Conseil-Etat-responsabilite-PPA-29381.html\">En savoir plus<\/a><\/p>\n<p>Les concentrations excessives en dioxyde d\u2019azote et en particules fine PM10 sont particuli\u00e8rement vis\u00e9es. On sait que la situation est critique dans la vall\u00e9e de la Seine, notamment dans la zone situ\u00e9e entre Mantes et les Mureaux (voir notre document Sant\u00e9 Pollution de juin 2017 sur ce site .<br \/>\nLa cimenterie de Gargenville est une grosse pourvoyeuse de dioxyde d\u2019azote NOx (No2) et de poussi\u00e8res PM10 et autres.<br \/>\nUne nouvelle carri\u00e8re viendrait ainsi augmenter la production de PM10.<\/p>\n<p>Raison pour laquelle nous demandons l&rsquo;abandon du projet et une reconversion de l&rsquo;usine, comme premi\u00e8re action pour rem\u00e9dier aux graves atteintes \u00e0 la sant\u00e9 publique dans la vall\u00e9e de la Seine.<\/p>\n<p><strong>Votre participation est n\u00e9cessaire plus que jamais.<\/strong><\/p>\n<p>Etudiez le dossier sur le site avl3c.org, suivez-nous sur facebook et sur twitter.<\/p>\n<p>Proposez des actions, des id\u00e9es. (vexinzone109@gmail.com)<\/p>\n","protected":false},"excerpt":{"rendered":"<p>Mauvaise nouvelle : HeidelbergCement France a d\u00e9pos\u00e9 aupr\u00e8s des services comp\u00e9tents de l&rsquo;Etat le 4 juillet 2017 sa demande de permis d\u2019exploiter une carri\u00e8re \u00e0 Brueil en Vexin. Les maires concern\u00e9s et le PNR ont re\u00e7u un courrier afin de les aviser de cette action et leur proposent une pr\u00e9sentation du dossier devant leurs conseils [&hellip;]<\/p>\n","protected":false},"author":1,"featured_media":0,"comment_status":"closed","ping_status":"open","sticky":false,"template":"","format":"standard","meta":{"footnotes":""},"categories":[55],"tags":[],"class_list":["post-1003","post","type-post","status-publish","format-standard","hentry","category-nos-publications"],"_links":{"self":[{"href":"https:\/\/www.avl3c.org\/vexinzone109\/wp-json\/wp\/v2\/posts\/1003","targetHints":{"allow":["GET"]}}],"collection":[{"href":"https:\/\/www.avl3c.org\/vexinzone109\/wp-json\/wp\/v2\/posts"}],"about":[{"href":"https:\/\/www.avl3c.org\/vexinzone109\/wp-json\/wp\/v2\/types\/post"}],"author":[{"embeddable":true,"href":"https:\/\/www.avl3c.org\/vexinzone109\/wp-json\/wp\/v2\/users\/1"}],"replies":[{"embeddable":true,"href":"https:\/\/www.avl3c.org\/vexinzone109\/wp-json\/wp\/v2\/comments?post=1003"}],"version-history":[{"count":1,"href":"https:\/\/www.avl3c.org\/vexinzone109\/wp-json\/wp\/v2\/posts\/1003\/revisions"}],"predecessor-version":[{"id":2488,"href":"https:\/\/www.avl3c.org\/vexinzone109\/wp-json\/wp\/v2\/posts\/1003\/revisions\/2488"}],"wp:attachment":[{"href":"https:\/\/www.avl3c.org\/vexinzone109\/wp-json\/wp\/v2\/media?parent=1003"}],"wp:term":[{"taxonomy":"category","embeddable":true,"href":"https:\/\/www.avl3c.org\/vexinzone109\/wp-json\/wp\/v2\/categories?post=1003"},{"taxonomy":"post_tag","embeddable":true,"href":"https:\/\/www.avl3c.org\/vexinzone109\/wp-json\/wp\/v2\/tags?post=1003"}],"curies":[{"name":"wp","href":"https:\/\/api.w.org\/{rel}","templated":true}]}}