{"id":1012,"date":"2017-09-06T16:58:45","date_gmt":"2017-09-06T14:58:45","guid":{"rendered":"https:\/\/www.avl3c.org\/vexinzone109\/?p=1012"},"modified":"2024-11-12T16:32:13","modified_gmt":"2024-11-12T15:32:13","slug":"dup-de-la-source-du-captage-deau-sailly-drocourt-lettre-aux-elus","status":"publish","type":"post","link":"https:\/\/www.avl3c.org\/vexinzone109\/dup-de-la-source-du-captage-deau-sailly-drocourt-lettre-aux-elus\/","title":{"rendered":"DUP de la source du captage d&rsquo;eau Sailly Drocourt : lettre aux \u00e9lus"},"content":{"rendered":"<p><strong>AVL3C Vexin zone 109<br \/>\nAux \u00e9lus de la vall\u00e9e de la Montcient et du Vexin, Ier septembre \u00a02017.<img loading=\"lazy\" decoding=\"async\" class=\"alignright\" src=\"https:\/\/www.avl3c.org\/IMG\/bmp\/bassin_versant-2.bmp?1504710873\" width=\"305\" height=\"423\" \/><\/strong><\/p>\n<p>Bonjour,<\/p>\n<p>Vous \u00eates intervenus lors de l&rsquo;enqu\u00eate publique concernant\u00a0la DUP de la source captage de Sailly-Drocourt en janvier-f\u00e9vrier dernier.<br \/>\nAvec 400 personnes, dont plus de 20 maires et \u00e9lus de la r\u00e9gion, vous avez demand\u00e9\u00a0une protection de ce captage \u00e9largie au bassin d&rsquo;alimentation, demande justifi\u00e9e par les projets de carri\u00e8res \u00a0sur la \u00ab\u00a0Zone sp\u00e9ciale\u00a0\u00bb&lsquo; ( deuxi\u00e8me phase d&rsquo;exploitation sur Sailly).<\/p>\n<p>Suite de l&rsquo;histoire : le 3 Juillet dernier, le Pr\u00e9fet des Yvelines a pris un arr\u00eat\u00e9 de D\u00e9claration d&rsquo;Utilit\u00e9 Publique a minima (liens en note).<br \/>\nLe Pr\u00e9fet a suivi le rapport du commissaire enqu\u00eateur bas\u00e9 sur un rapport d&rsquo;hydrog\u00e9ologue\u00a0(2010) qui d\u00e9finissait des p\u00e9rim\u00e8tres tr\u00e8s limit\u00e9s, ignorant la\u00a0\u00ab\u00a0zone sp\u00e9ciale \u00ab\u00a0( d\u00e9cr\u00e9t\u00e9e en 2000).<br \/>\nA notre grande surprise, le commissaire enqu\u00eateur a disqualifi\u00e9 nos arguments, omettant d&rsquo;indexer notamment une carte montrant le noeud du probl\u00e8me : comment se superposent \u00e0 Sailly la \u00ab\u00a0zone sp\u00e9ciale\u00a0\u00bb et le bassin d&rsquo;alimentation (BAC) de la source&#8230;.\u00a0<a href=\"https:\/\/www.avl3c.org\/vexinzone109\/Note-sur-la-question-de-leau\/\" target=\"_blank\" rel=\"noopener noreferrer\">Voir notre article<\/a><\/p>\n<p>A la mi-ao\u00fbt, gr\u00e2ce \u00e0 la vigilance d&rsquo;un de nos adh\u00e9rents et apr\u00e8s enqu\u00eate, nous avons d\u00e9couvert que ce commissaire-enqu\u00eateur, Gilles Gomez, g\u00e9ologue, est un ancien salari\u00e9 de Ciment Calcia o\u00f9 il a travaill\u00e9, selon des sources convergentes, pendant plus de vingt ans.<br \/>\nComment se fait-il ????<br \/>\nComment ce commissaire-enqu\u00eateur a-t-il pu \u00eatre nomm\u00e9 pour cette enqu\u00eate?<br \/>\nComment pouvait-il ignorer \u00a0l&rsquo;importance de cette \u00ab\u00a0zone sp\u00e9ciale\u00a0\u00bb, \u00a0la lutte men\u00e9e depuis vingt ans contre la mani\u00e8re dont elle a \u00e9t\u00e9 d\u00e9cr\u00e9t\u00e9e, au m\u00e9pris notamment des nappes phr\u00e9atiques etc&#8230; ????<\/p>\n<p>Le r\u00e9sultat est l\u00e0 : la \u00a0protection de l&rsquo;eau potable des 6 villages reste insuffisante.<br \/>\nNous faisons un recours. Nous ne serons\u00a0s\u00fbrement pas les seuls.<\/p>\n<p>Comme \u00e0 chaque fois dans ce dossier, d&rsquo;obscures manipulations font que les int\u00e9r\u00eats du cimentier sont pr\u00e9serv\u00e9s, contre ceux des habitants.<br \/>\nD&rsquo;o\u00f9 notre appel \u00e0 votre vigilance, \u00e0 votre action.<br \/>\nNous vous demandons instamment de continuer \u00e0 manifester votre engagement en faveur de l&rsquo;eau potable de la vall\u00e9e de la Montcient, dont d\u00e9pendent quelque 60 000 habitants, entre la source captage de Sailly Drocourt et les forages de Meulan eux aussi menac\u00e9s par l&rsquo;exploitation du calcaire des bassins versants de la Montcient et de l&rsquo;Aubette.<\/p>\n<p>En mars dernier, trente maires ont sign\u00e9 la \u00ab\u00a0motion des maires\u00a0\u00bb pour demander l&rsquo;abandon de tout le projet d&rsquo;extensions de carri\u00e8res \u00e0 Brueil au nom du principe de pr\u00e9caution. Si vous ne l&rsquo;avez d\u00e9j\u00e0 fait, rejoignez-les ! <a href=\"https:\/\/www.avl3c.org\/vexinzone109\/motion-des-elus-de-la-vallee-de-la-montcient-et-de-la-vallee-de-la-seine\/\" target=\"_blank\" rel=\"noopener noreferrer\">voir avec la mairie de Brueil<\/a><\/p>\n<p>Heidelbergcement a d\u00e9pos\u00e9 sa demande de permis d&rsquo;exploiter ( le 4 juillet) , selon une nouvelle proc\u00e9dure plus rapide, en vigueur depuis&#8230; le Ier Juillet.<\/p>\n<p>Les six mois qui viennent n\u00e9cessitent qu&rsquo;on entende la voix des \u00e9lus d\u00e9fendant leur territoire contre des projets totalement p\u00e9rim\u00e9s.<br \/>\nCordialement.<br \/>\nPour l&rsquo;association, Dominique Louise P\u00e9legrin<\/p>\n<p>PS : Nous vous invitons \u00e0 une grande manifestation : Un autre avenir pour la r\u00e9gion ! \u00a0&#8211; abandon des projets de carri\u00e8re et reconversion de la cimenterie- le samedi 14 octobre, \u00e0 Mantes.<\/p>\n<p>Notes:<br \/>\nVoir l\u2019arr\u00eat\u00e9 n\u00b0 A-17-00113 du 03\/07\/17 et le dossier complet repris sur le <a href=\"https:\/\/www.yvelines.gouv.fr\/Publications\/Enquetes-publiques\/Eau\/Enquetes-2016\" target=\"_blank\" rel=\"noopener noreferrer\">site de la Pr\u00e9fecture des Yvelines<\/a><\/p>\n<p><img loading=\"lazy\" decoding=\"async\" class=\"alignnone  wp-image-1992\" src=\"https:\/\/www.avl3c.org\/vexinzone109\/wp-content\/uploads\/2017\/09\/RepriseArticleSpi1313-1-255x300.jpg\" alt=\"\" width=\"279\" height=\"328\" srcset=\"https:\/\/www.avl3c.org\/vexinzone109\/wp-content\/uploads\/2017\/09\/RepriseArticleSpi1313-1-255x300.jpg 255w, https:\/\/www.avl3c.org\/vexinzone109\/wp-content\/uploads\/2017\/09\/RepriseArticleSpi1313-1.jpg 517w\" sizes=\"auto, (max-width: 279px) 100vw, 279px\" \/><\/p>\n","protected":false},"excerpt":{"rendered":"<p>AVL3C Vexin zone 109 Aux \u00e9lus de la vall\u00e9e de la Montcient et du Vexin, Ier septembre \u00a02017. Bonjour, Vous \u00eates intervenus lors de l&rsquo;enqu\u00eate publique concernant\u00a0la DUP de la source captage de Sailly-Drocourt en janvier-f\u00e9vrier dernier. Avec 400 personnes, dont plus de 20 maires et \u00e9lus de la r\u00e9gion, vous avez demand\u00e9\u00a0une protection de [&hellip;]<\/p>\n","protected":false},"author":1,"featured_media":0,"comment_status":"closed","ping_status":"open","sticky":false,"template":"","format":"standard","meta":{"footnotes":""},"categories":[55],"tags":[],"class_list":["post-1012","post","type-post","status-publish","format-standard","hentry","category-nos-publications"],"_links":{"self":[{"href":"https:\/\/www.avl3c.org\/vexinzone109\/wp-json\/wp\/v2\/posts\/1012","targetHints":{"allow":["GET"]}}],"collection":[{"href":"https:\/\/www.avl3c.org\/vexinzone109\/wp-json\/wp\/v2\/posts"}],"about":[{"href":"https:\/\/www.avl3c.org\/vexinzone109\/wp-json\/wp\/v2\/types\/post"}],"author":[{"embeddable":true,"href":"https:\/\/www.avl3c.org\/vexinzone109\/wp-json\/wp\/v2\/users\/1"}],"replies":[{"embeddable":true,"href":"https:\/\/www.avl3c.org\/vexinzone109\/wp-json\/wp\/v2\/comments?post=1012"}],"version-history":[{"count":2,"href":"https:\/\/www.avl3c.org\/vexinzone109\/wp-json\/wp\/v2\/posts\/1012\/revisions"}],"predecessor-version":[{"id":1994,"href":"https:\/\/www.avl3c.org\/vexinzone109\/wp-json\/wp\/v2\/posts\/1012\/revisions\/1994"}],"wp:attachment":[{"href":"https:\/\/www.avl3c.org\/vexinzone109\/wp-json\/wp\/v2\/media?parent=1012"}],"wp:term":[{"taxonomy":"category","embeddable":true,"href":"https:\/\/www.avl3c.org\/vexinzone109\/wp-json\/wp\/v2\/categories?post=1012"},{"taxonomy":"post_tag","embeddable":true,"href":"https:\/\/www.avl3c.org\/vexinzone109\/wp-json\/wp\/v2\/tags?post=1012"}],"curies":[{"name":"wp","href":"https:\/\/api.w.org\/{rel}","templated":true}]}}