{"id":1015,"date":"2017-10-12T22:44:00","date_gmt":"2017-10-12T20:44:00","guid":{"rendered":"https:\/\/www.avl3c.org\/vexinzone109\/?p=1015"},"modified":"2024-11-12T16:32:12","modified_gmt":"2024-11-12T15:32:12","slug":"mobilisation-generale","status":"publish","type":"post","link":"https:\/\/www.avl3c.org\/vexinzone109\/mobilisation-generale\/","title":{"rendered":"Mobilisation g\u00e9n\u00e9rale!"},"content":{"rendered":"<p><img448|center><\/p>\n<p>  Chers amis, <\/p>\n<p>        Les services de l\u2019Etat examinent actuellement la demande d\u2019exploiter une carri\u00e8re de calcaire \u00e0 Brueil d\u00e9pos\u00e9e par HeidelbergCement\/Calcia en juillet<br \/>\n        Nous savons tous que ce projet ne correspond  plus \u00e0 la soci\u00e9t\u00e9 d\u2019aujourd\u2019hui. Il serait dommageable pour les habitants, et pour les ressources vitales du territoire ( air, eau, terres agricoles, etc) <\/p>\n<p>       <strong> Tout se joue maintenant<\/strong>, d\u2019ici la fin de l\u2019ann\u00e9e, les choses pourraient s&rsquo;acc\u00e9l\u00e9rer. Nous pouvons craindre que l\u2019Etat sourd aux oppositions qui se sont manifest\u00e9es tente de faire passer en force les int\u00e9r\u00eats de la multinationale.<\/p>\n<p>       <strong> Samedi 14 octobre \u00e0 14h<\/strong>, \u00e9lus et citoyens, habitants des villages et de la vall\u00e9e, tous dans la rue !<\/p>\n<p>         Dans la rue pour que notre droit \u00e0 l\u2019eau, \u00e0 un air respirable, \u00e0 la sant\u00e9,\u00e0 une qualit\u00e9 de vie, soit respect\u00e9 !<\/p>\n<p>         Dans la rue, tous ensemble et en grand nombre, pour une imposante protestation citoyenne.<\/p>\n<p>         Nous avons besoin de vous tous. Venez \u00e0 la marche avec tous ceux que vous pourrez entrainer. Mieux encore, pr\u00e9parez-la avec nous. Comment ?<\/p>\n<ul>\n<li>                 En notant d\u00e8s \u00e0 pr\u00e9sent la date sur votre agenda. <strong>L&rsquo;apr\u00e8s-midi du 14 octobre, d\u00e8s 13h, tous \u00e0 Mantes ! La marche part \u00e0 14h et ira jusqu\u2019\u00e0 la sous-pr\u00e9fecture<\/strong>.<\/li>\n<\/ul>\n<ul>\n<li>                 En sollicitant votre entourage, votre famille, vos voisins, vos amis, les jeunes, les moins jeunes\u2026 (envoyez ce mail ou  allez sonner \u00e0 leur porte)<\/li>\n<\/ul>\n<ul>\n<li>                 En participant \u00e0 des actions de tractage, d\u2019affichage dans la r\u00e9gion ( dans vos commerces habituels par exemple ), \u00e0 la pr\u00e9paration de banderoles, etc&#8230; <\/li>\n<\/ul>\n<ul>\n<li>                 En participant \u00e0 des actions ponctuelles dont nous vous ferons part r\u00e9guli\u00e8rement. <\/li>\n<\/ul>\n<ul>\n<li>                 En faisant adh\u00e9rer autour de vous (10\u20ac pour d\u00e9fendre vos droits ! ) <\/li>\n<\/ul>\n<p>        On peut faire de cette journ\u00e9e citoyenne un moment festif (pique-nique, covoiturage, inventivit\u00e9 des slogans, des accessoires\u2026). Bref une grande manifestation dont les m\u00e9dias parleront  et que les responsables de l&rsquo;Etat, jusqu&rsquo;ici sourd \u00e0 nos appels, ne pourrons ignorer !<\/p>\n<p>        Un front uni, citoyens\/\u00e9lus, pour dire NON \u00e0 un projet archa\u00efque : Changeons d\u2019air, changeons d\u2019\u00e8re !<\/p>\n<p>        Voici le calendrier des prochaines occasions pour faire entendre notre voix et pr\u00e9parer la grande manifestation du 14 octobre :<\/p>\n<p>        &#8211; Jeudi 28 septembre : R\u00e9union du Conseil communautaire GPS&#038;O \u00e0 la salle des f\u00eates de Gargenville, 19h . C&rsquo;est devenu une tradition. Nous sommes toujours pr\u00e9sents \u00e0 l&rsquo;entr\u00e9e de cette r\u00e9union pour inciter nos \u00e9lus \u00e0 agir. A chaque fois avec une intervention diff\u00e9rente, originale et dans la bonne humeur. Surprise pour celle-ci. Vous \u00eates tous bienvenus.<\/p>\n<p>        Pour plus d&rsquo;infos sur ces diff\u00e9rentes manifestations du mois de septembre et pour pouvoir y participer, n&rsquo;h\u00e9sitez pas \u00e0 contacter : <\/p>\n<p>        Bonne semaine \u00e0 tous ! Et n&rsquo;oubliez pas : alerte rouge ! <\/p>\n<p>#ManifZ109<\/p>\n<article1359|cycle|docs=450,451,452,453,454,455,456,457,458,462>\n<p><em>ci dessous quelques images<\/em><br \/>\n<doc450><\/p>\n<p><doc451><\/p>\n<p><doc452><\/p>\n<p><doc453><\/p>\n<p><doc455><\/p>\n<p><doc456><\/p>\n<p><doc457><\/p>\n<p><doc458><\/p>\n<p>ci dessous, image r\u00e9alis\u00e9e en f\u00e9vrier 2015 lors de la \u00ab\u00a0Loi Macron\u00a0\u00bb<\/p>\n<p><doc462><\/p>\n<p><doc459><\/p>\n<p><doc460><\/p>\n","protected":false},"excerpt":{"rendered":"<p>Chers amis, Les services de l\u2019Etat examinent actuellement la demande d\u2019exploiter une carri\u00e8re de calcaire \u00e0 Brueil d\u00e9pos\u00e9e par HeidelbergCement\/Calcia en juillet Nous savons tous que ce projet ne correspond plus \u00e0 la soci\u00e9t\u00e9 d\u2019aujourd\u2019hui. Il serait dommageable pour les habitants, et pour les ressources vitales du territoire ( air, eau, terres agricoles, etc) Tout [&hellip;]<\/p>\n","protected":false},"author":1,"featured_media":0,"comment_status":"closed","ping_status":"open","sticky":false,"template":"","format":"standard","meta":{"footnotes":""},"categories":[55],"tags":[],"class_list":["post-1015","post","type-post","status-publish","format-standard","hentry","category-nos-publications"],"_links":{"self":[{"href":"https:\/\/www.avl3c.org\/vexinzone109\/wp-json\/wp\/v2\/posts\/1015","targetHints":{"allow":["GET"]}}],"collection":[{"href":"https:\/\/www.avl3c.org\/vexinzone109\/wp-json\/wp\/v2\/posts"}],"about":[{"href":"https:\/\/www.avl3c.org\/vexinzone109\/wp-json\/wp\/v2\/types\/post"}],"author":[{"embeddable":true,"href":"https:\/\/www.avl3c.org\/vexinzone109\/wp-json\/wp\/v2\/users\/1"}],"replies":[{"embeddable":true,"href":"https:\/\/www.avl3c.org\/vexinzone109\/wp-json\/wp\/v2\/comments?post=1015"}],"version-history":[{"count":1,"href":"https:\/\/www.avl3c.org\/vexinzone109\/wp-json\/wp\/v2\/posts\/1015\/revisions"}],"predecessor-version":[{"id":2467,"href":"https:\/\/www.avl3c.org\/vexinzone109\/wp-json\/wp\/v2\/posts\/1015\/revisions\/2467"}],"wp:attachment":[{"href":"https:\/\/www.avl3c.org\/vexinzone109\/wp-json\/wp\/v2\/media?parent=1015"}],"wp:term":[{"taxonomy":"category","embeddable":true,"href":"https:\/\/www.avl3c.org\/vexinzone109\/wp-json\/wp\/v2\/categories?post=1015"},{"taxonomy":"post_tag","embeddable":true,"href":"https:\/\/www.avl3c.org\/vexinzone109\/wp-json\/wp\/v2\/tags?post=1015"}],"curies":[{"name":"wp","href":"https:\/\/api.w.org\/{rel}","templated":true}]}}