{"id":1016,"date":"2017-09-15T22:01:20","date_gmt":"2017-09-15T20:01:20","guid":{"rendered":"https:\/\/www.avl3c.org\/vexinzone109\/?p=1016"},"modified":"2024-11-12T16:32:13","modified_gmt":"2024-11-12T15:32:13","slug":"le-conseil-municipal-de-juziers-contre-le-projet-dextension-de-carrieres-a-une-tres-large-majorite-67","status":"publish","type":"post","link":"https:\/\/www.avl3c.org\/vexinzone109\/le-conseil-municipal-de-juziers-contre-le-projet-dextension-de-carrieres-a-une-tres-large-majorite-67\/","title":{"rendered":"Le conseil municipal de Juziers  : contre le projet d&rsquo;extension de carri\u00e8res, \u00e0 une tr\u00e8s large majorit\u00e9 (67% )"},"content":{"rendered":"<p>Hier soir,  le <strong>conseil municipal de Juziers s&rsquo;est prononc\u00e9 contre le projet d&rsquo;extension de carri\u00e8<\/strong>res, \u00e0 une tr\u00e8s large majorit\u00e9 (67% ).<br \/>\nCela veut dire qu&rsquo;une ville de la vall\u00e9e de la Seine de plus se range dans l&rsquo;opposition aux projets de carri\u00e8re et de maintien de la tr\u00e8s polluante cimenterie Heidelberg Calcia pour 60 ans et plus si affinit\u00e9s&#8230; Il y a eu des d\u00e9bats houleux dans cette commune, marqu\u00e9e par l&#8217;emprise de l&rsquo;industriel, comme Gargenville ( le site de la cimenterie est sur les deux communes).<br \/>\nLa pollution a\u00e9rienne dans la vall\u00e9e est pr\u00e9occupante.  (Note:  doc sur  pollution et sant\u00e9 dans la vall\u00e9e, septembre 2017).<br \/>\n Nos adh\u00e9rents de Juziers et Gargenville se battent depuis deux ans pour le faire savoir. Des m\u00e9decins commencent \u00e0 s&#8217;emparer du sujet. C&rsquo;est le premier point de la lutte que nous menons, avec la protection de l&rsquo;eau potable.<\/p>\n<p>Conscients de tout cela, trente maires de communes importantes de la vall\u00e9e,( Poissy, Les Mureaux, Mantes la ville et Mantes la Jolie, Ep\u00f4ne, M\u00e9zi\u00e8res etc.),  et de beaucoup de villages,( Oinville, Drocourt, Fontenay, etc. ) ont sign\u00e9  la \u00ab\u00a0motion des maires\u00a0\u00bb demandant l&rsquo;arr\u00eat d\u00e9finitif du projet de carri\u00e8res et la reconversion de l&rsquo;usine  ( en note, mais liste des signataires incompl\u00e8te).<br \/>\nLe d\u00e9put\u00e9 Michel Vialay a d\u00e9pos\u00e9 durant l&rsquo;\u00e9t\u00e9 un dossier  dans le m\u00eame sens, chez le ministre Hulot, dans l&rsquo;attente d&rsquo;un rendez vous&#8230;.<br \/>\nLe dernier carr\u00e9 des maires favorables,  ou qui ne se sont pas ( encore?) prononc\u00e9s sur la question des carri\u00e8res et de la cimenterie : Gargenville, Meulan, Issou, Guitrancourt, Limay.<\/p>\n<p>Les services de l&rsquo;Etat examinent actuellement la demande d&rsquo;exploiter de la multinationale allemande, d\u00e9pos\u00e9e le 4 juillet. Il faut montrer que nous ne laisserons pas passer un projet aussi lourdement dommageable pour la population du mantois dans son ensemble.<\/p>\n<p>Nous vous convions \u00e0 <strong>une grande manifestation le 14 octobre \u00e0 14 h \u00e0 Mantes<\/strong>, o\u00f9 marcheront  \u00e9lus, citoyens, associations, pour exiger un autre avenir pour notre r\u00e9gion.<\/p>\n","protected":false},"excerpt":{"rendered":"<p>Hier soir, le conseil municipal de Juziers s&rsquo;est prononc\u00e9 contre le projet d&rsquo;extension de carri\u00e8res, \u00e0 une tr\u00e8s large majorit\u00e9 (67% ). Cela veut dire qu&rsquo;une ville de la vall\u00e9e de la Seine de plus se range dans l&rsquo;opposition aux projets de carri\u00e8re et de maintien de la tr\u00e8s polluante cimenterie Heidelberg Calcia pour 60 [&hellip;]<\/p>\n","protected":false},"author":1,"featured_media":0,"comment_status":"closed","ping_status":"open","sticky":false,"template":"","format":"standard","meta":{"footnotes":""},"categories":[55],"tags":[],"class_list":["post-1016","post","type-post","status-publish","format-standard","hentry","category-nos-publications"],"_links":{"self":[{"href":"https:\/\/www.avl3c.org\/vexinzone109\/wp-json\/wp\/v2\/posts\/1016","targetHints":{"allow":["GET"]}}],"collection":[{"href":"https:\/\/www.avl3c.org\/vexinzone109\/wp-json\/wp\/v2\/posts"}],"about":[{"href":"https:\/\/www.avl3c.org\/vexinzone109\/wp-json\/wp\/v2\/types\/post"}],"author":[{"embeddable":true,"href":"https:\/\/www.avl3c.org\/vexinzone109\/wp-json\/wp\/v2\/users\/1"}],"replies":[{"embeddable":true,"href":"https:\/\/www.avl3c.org\/vexinzone109\/wp-json\/wp\/v2\/comments?post=1016"}],"version-history":[{"count":1,"href":"https:\/\/www.avl3c.org\/vexinzone109\/wp-json\/wp\/v2\/posts\/1016\/revisions"}],"predecessor-version":[{"id":2478,"href":"https:\/\/www.avl3c.org\/vexinzone109\/wp-json\/wp\/v2\/posts\/1016\/revisions\/2478"}],"wp:attachment":[{"href":"https:\/\/www.avl3c.org\/vexinzone109\/wp-json\/wp\/v2\/media?parent=1016"}],"wp:term":[{"taxonomy":"category","embeddable":true,"href":"https:\/\/www.avl3c.org\/vexinzone109\/wp-json\/wp\/v2\/categories?post=1016"},{"taxonomy":"post_tag","embeddable":true,"href":"https:\/\/www.avl3c.org\/vexinzone109\/wp-json\/wp\/v2\/tags?post=1016"}],"curies":[{"name":"wp","href":"https:\/\/api.w.org\/{rel}","templated":true}]}}