{"id":1017,"date":"2017-09-16T14:36:19","date_gmt":"2017-09-16T12:36:19","guid":{"rendered":"https:\/\/www.avl3c.org\/vexinzone109\/?p=1017"},"modified":"2024-11-12T16:32:13","modified_gmt":"2024-11-12T15:32:13","slug":"carrieres-cimentieres-lindustrie-au-depend-de-la-population","status":"publish","type":"post","link":"https:\/\/www.avl3c.org\/vexinzone109\/carrieres-cimentieres-lindustrie-au-depend-de-la-population\/","title":{"rendered":"Carri\u00e8res-Cimenti\u00e8res : l\u2019industrie au d\u00e9pend de la population ?"},"content":{"rendered":"<p> E&#038;C \u2013 Carri\u00e8res-Cimenti\u00e8res : l\u2019industrie au d\u00e9pend de la population ?<\/p>\n<p>Tous les mercredis de 11 h \u00e0 11 h30, retrouvez votre \u00e9mission Etat et Civils, pr\u00e9sent\u00e9e par Jordan Brest. Objectifs : r\u00e9unir l\u2019Etat, les collectivit\u00e9s, les associations et les auditeurs pour parler et dialoguer \u00e0 propos de th\u00e8mes de soci\u00e9t\u00e9 qui nous concernent \u2026 qui VOUS concernent.<\/p>\n<p>Pour cette deuxi\u00e8me \u00e9mission, c\u2019est le th\u00e8me de l\u2019environnement qui a \u00e9t\u00e9 choisi. Dans la vall\u00e9e de la Seine, des associations tirent la sonnette d\u2019alarme concernant les carri\u00e8res-cimenti\u00e8res de la zone 109, qui auraient des effets n\u00e9fastes sur la sant\u00e9 des habitants alentours mais \u00e9galement un impact sur l\u2019environnement. En plateau : Martine Tellier, membre de l\u2019association AVL3C accompagn\u00e9e de Sylvie Pechard, membre de l\u2019asso et \u00e9galement m\u00e9decin, Eric Roulot, vice-pr\u00e9sident de la communaut\u00e9 urbaine Grand Paris Seine et Oise, en charge de l\u2019environnement et du d\u00e9veloppement durable et Ghislaine Sen\u00e9e, conseill\u00e8re r\u00e9gionale EELV.<\/p>\n<p>Emission \u00e0 retrouver ci-dessous :<br \/>\nhttp:\/\/www.lfm-radio.com\/ec-carrieres-cimentieres-lindustrie-depend-de-population\/<\/p>\n","protected":false},"excerpt":{"rendered":"<p>E&#038;C \u2013 Carri\u00e8res-Cimenti\u00e8res : l\u2019industrie au d\u00e9pend de la population ? Tous les mercredis de 11 h \u00e0 11 h30, retrouvez votre \u00e9mission Etat et Civils, pr\u00e9sent\u00e9e par Jordan Brest. Objectifs : r\u00e9unir l\u2019Etat, les collectivit\u00e9s, les associations et les auditeurs pour parler et dialoguer \u00e0 propos de th\u00e8mes de soci\u00e9t\u00e9 qui nous concernent \u2026 [&hellip;]<\/p>\n","protected":false},"author":1,"featured_media":0,"comment_status":"closed","ping_status":"open","sticky":false,"template":"","format":"standard","meta":{"footnotes":""},"categories":[51],"tags":[],"class_list":["post-1017","post","type-post","status-publish","format-standard","hentry","category-sinformer"],"_links":{"self":[{"href":"https:\/\/www.avl3c.org\/vexinzone109\/wp-json\/wp\/v2\/posts\/1017","targetHints":{"allow":["GET"]}}],"collection":[{"href":"https:\/\/www.avl3c.org\/vexinzone109\/wp-json\/wp\/v2\/posts"}],"about":[{"href":"https:\/\/www.avl3c.org\/vexinzone109\/wp-json\/wp\/v2\/types\/post"}],"author":[{"embeddable":true,"href":"https:\/\/www.avl3c.org\/vexinzone109\/wp-json\/wp\/v2\/users\/1"}],"replies":[{"embeddable":true,"href":"https:\/\/www.avl3c.org\/vexinzone109\/wp-json\/wp\/v2\/comments?post=1017"}],"version-history":[{"count":1,"href":"https:\/\/www.avl3c.org\/vexinzone109\/wp-json\/wp\/v2\/posts\/1017\/revisions"}],"predecessor-version":[{"id":2477,"href":"https:\/\/www.avl3c.org\/vexinzone109\/wp-json\/wp\/v2\/posts\/1017\/revisions\/2477"}],"wp:attachment":[{"href":"https:\/\/www.avl3c.org\/vexinzone109\/wp-json\/wp\/v2\/media?parent=1017"}],"wp:term":[{"taxonomy":"category","embeddable":true,"href":"https:\/\/www.avl3c.org\/vexinzone109\/wp-json\/wp\/v2\/categories?post=1017"},{"taxonomy":"post_tag","embeddable":true,"href":"https:\/\/www.avl3c.org\/vexinzone109\/wp-json\/wp\/v2\/tags?post=1017"}],"curies":[{"name":"wp","href":"https:\/\/api.w.org\/{rel}","templated":true}]}}