{"id":1018,"date":"2017-09-20T14:25:38","date_gmt":"2017-09-20T12:25:38","guid":{"rendered":"https:\/\/www.avl3c.org\/vexinzone109\/?p=1018"},"modified":"2024-11-12T16:32:13","modified_gmt":"2024-11-12T15:32:13","slug":"le-probleme-des-carrieres","status":"publish","type":"post","link":"https:\/\/www.avl3c.org\/vexinzone109\/le-probleme-des-carrieres\/","title":{"rendered":"Le probl\u00e8me des carri\u00e8res"},"content":{"rendered":"<p><img435|right> Il existe \u00e0 Gargenville et Juziers (78440), dans le Parc Naturel R\u00e9gional (PNR) du Vexin <strong>une cimenterie, implant\u00e9e en 1921 <\/strong>, aujourd\u2019hui propri\u00e9t\u00e9 du groupe multinational Calcia Heidelbergcement.<\/p>\n<p>La fabrication de ciment n\u00e9cessite du calcaire, extrait dans le sol, cuit \u00e0 tr\u00e8s haute temp\u00e9rature dans des fours.<br \/>\nLa carri\u00e8re de Guitrancourt qui alimente actuellement la cimenterie de Gargenville arrive prochainement \u00e0 \u00e9puisement.<\/p>\n<p>L\u2019industriel a, depuis les ann\u00e9es 1990, <strong>un projet d\u2019extension de cette carri\u00e8re.<\/strong><br \/>\nCe projet a d\u2019embl\u00e9e suscit\u00e9 une opposition des \u00e9lus et des riverains, organis\u00e9s depuis 1995 en Association Vexinoise de Lutte Contre les Carri\u00e8res Cimenti\u00e8res (AVL3C).<\/p>\n<p>En 2000, l&rsquo;Etat a d\u00e9limit\u00e9 une zone d\u2019exploitation prioritaire, dite zone 109, 550 ha sur les communes de Guitrancourt, Brueil-en-Vexin, Sailly et Fontenay Saint-P\u00e8re, malgr\u00e9 une bataille juridique pouss\u00e9e de l\u2019association et des maires concern\u00e9s allant jusqu\u2019au Conseil d\u2019Etat.<\/p>\n<p>La commune de Guitrancourt a r\u00e9ussi en 2008 \u00e0 faire d\u00e9clarer d\u2019utilit\u00e9 publique ses captages d\u2019eau potable, \u00e9cartant le risque d&rsquo;extension sur une partie de son territoire.<br \/>\n<img436|center><\/p>\n<p>Le projet est longtemps rest\u00e9 en suspens.<br \/>\nEn 2014, il r\u00e9apparait : Une premi\u00e8re phase d\u2019exploitation, pendant 30 ans, \u00e0 Brueil-en-Vexin, <strong>\u00e0 moins de 500 m des habitations, sur 80 hectares.<\/strong><br \/>\nIl n&rsquo;y a pas d&rsquo;acc\u00e8s sauf \u00e0 traverser <strong>une zone bois\u00e9e class\u00e9e ZNIEFF<\/strong>.<br \/>\nLe pr\u00e9fet a donc pris un arr\u00eat\u00e9 de projet d\u2019int\u00e9r\u00eat g\u00e9n\u00e9ral (PIG) afin de le rendre possible.<br \/>\nL\u2019AVL3C, les maires des communes concern\u00e9es et le PNR ont port\u00e9 deux recours au tribunal administratif, qui ont \u00e9t\u00e9 rejet\u00e9s en Avril 2017.Un appel est en cours.<\/p>\n<p>L&rsquo;industriel a d\u00e9pos\u00e9 sa <strong>\u00ab\u00a0demande d&rsquo;autorisation environnementale\u00a0\u00bb en juillet 2017<\/strong>. Une enqu\u00eate publique est actuellement en cours avant prise de d\u00e9cision d\u00e9finitive.<br \/>\n<img437|center><\/p>\n<p>Or les arguments contre ce projet sont nombreux\u00a0:<br \/>\n &#8211; Le risque de pollution de l\u2019eau potable li\u00e9e \u00e0 la vall\u00e9e de la Montcient, o\u00f9 des forages alimentent plus de 60 000 habitants\u00a0;<br \/>\n &#8211; La destruction de terres agricoles particuli\u00e8rement fertiles, de paysages remarquables du PNR\u00a0;<br \/>\n &#8211; La p\u00e9rennisation en pleine ville d\u2019une industrie extr\u00eamement n\u00e9faste pour la qualit\u00e9 de l\u2019air, alors que toute la vall\u00e9e de Seine (dont Gargenville) est reconnue par le pr\u00e9fet de r\u00e9gion comme<strong> une \u00ab\u00a0zone sensible\u00a0\u00bb pour la pollution a\u00e9rienne<\/strong>, entrainant des mesures correctives contenues dans un \u00ab\u00a0plan de protection de l\u2019atmosph\u00e8re\u00a0\u00bb\u00a0;<\/p>\n<p>Le risque climatique\u00a0li\u00e9 aux \u00e9missions de 0,9 tonne de CO2 par tonne de ciment produite\u00a0; la destruction des emplois locaux en hausse, et plus seulement  bas\u00e9s sur l\u2019agriculture et le tourisme.<br \/>\n<img438|center><\/p>\n<p>Pour justifier ce projet, l&rsquo;industriel et l&rsquo;Etat avancent deux arguments :<br \/>\nLa d\u00e9fense des emplois de la cimenterie et le risque d&rsquo;un manque de ciment.<\/p>\n<p>La cimenterie emploie actuellement 97 salari\u00e9s.<br \/>\nModernis\u00e9e, elle n&rsquo;en aurait plus qu&rsquo;une cinquantaine. Il s&rsquo;agit tout de m\u00eame d&rsquo;une multinationale, avec des possibilit\u00e9s de reconversion, de red\u00e9ploiement du site.<\/p>\n<p>Le manque de ciment : L&rsquo;industriel entretient d\u00e9lib\u00e9r\u00e9ment la confusion entre besoin de granulats et de ciment, et agite faussement le spectre d&rsquo;une p\u00e9nurie de ciment pour le Grand Paris. La capacit\u00e9 de production des cimenteries fran\u00e7aises est sup\u00e9rieure aux besoins, et des alternatives existent.<br \/>\nDe plus, vu les risques pour la sant\u00e9 publique et le r\u00e9chauffement climatique g\u00e9n\u00e9r\u00e9s par sa production, des usages plus parcimonieux du ciment vont devenir obligatoires : on commence \u00e0 voir le d\u00e9veloppement d&rsquo;autres mat\u00e9riaux, le recyclage des d\u00e9chets du b\u00e2timent (plus de 30% des d\u00e9chets). Le ciment contient et contiendra de moins en moins de clinker (calcaire cuit). <\/p>\n<p>Pour toutes ces raisons,<br \/>\n<strong>Pr\u00e8s de 60 \u00e9lus de la vall\u00e9e de la Montcient et de la vall\u00e9e de la Seine demandent l&rsquo;arr\u00eat d\u00e9finitif de ce projet<\/strong> <strong>dans une \u00ab\u00a0motion pour la protection des ressources vitales et la qualit\u00e9 de vie des habitants de leurs communes\u00a0\u00bb. <\/strong><\/p>\n<p>Trois d\u00e9put\u00e9s, 6 conseillers r\u00e9gionaux et d\u00e9partementaux, 3 d\u00e9put\u00e9s europ\u00e9ens, une s\u00e9natrice ont clairement affich\u00e9 leur opposition au projet.<\/p>\n<p><strong>Transition \u00e9cologique? Respect des \u00e9lus locaux?<br \/>\nLe gouvernement a fait des d\u00e9clarations, o\u00f9 sont les actes?<br \/>\nArr\u00eater ce projet inutile et nuisible, ce sera un premier pas, salu\u00e9 par les 408 000 habitants de GPS&#038;O <em><\/h2>\n<p><img439|right><\/p>\n<p>Pdf de l&rsquo;article \u00e0 t\u00e9l\u00e9charger : <doc949|center><\/p>\n","protected":false},"excerpt":{"rendered":"<p>Il existe \u00e0 Gargenville et Juziers (78440), dans le Parc Naturel R\u00e9gional (PNR) du Vexin une cimenterie, implant\u00e9e en 1921 , aujourd\u2019hui propri\u00e9t\u00e9 du groupe multinational Calcia Heidelbergcement. La fabrication de ciment n\u00e9cessite du calcaire, extrait dans le sol, cuit \u00e0 tr\u00e8s haute temp\u00e9rature dans des fours. La carri\u00e8re de Guitrancourt qui alimente actuellement la [&hellip;]<\/p>\n","protected":false},"author":1,"featured_media":0,"comment_status":"closed","ping_status":"open","sticky":false,"template":"","format":"standard","meta":{"footnotes":""},"categories":[61],"tags":[],"class_list":["post-1018","post","type-post","status-publish","format-standard","hentry","category-historique-et-statuts"],"_links":{"self":[{"href":"https:\/\/www.avl3c.org\/vexinzone109\/wp-json\/wp\/v2\/posts\/1018","targetHints":{"allow":["GET"]}}],"collection":[{"href":"https:\/\/www.avl3c.org\/vexinzone109\/wp-json\/wp\/v2\/posts"}],"about":[{"href":"https:\/\/www.avl3c.org\/vexinzone109\/wp-json\/wp\/v2\/types\/post"}],"author":[{"embeddable":true,"href":"https:\/\/www.avl3c.org\/vexinzone109\/wp-json\/wp\/v2\/users\/1"}],"replies":[{"embeddable":true,"href":"https:\/\/www.avl3c.org\/vexinzone109\/wp-json\/wp\/v2\/comments?post=1018"}],"version-history":[{"count":1,"href":"https:\/\/www.avl3c.org\/vexinzone109\/wp-json\/wp\/v2\/posts\/1018\/revisions"}],"predecessor-version":[{"id":2476,"href":"https:\/\/www.avl3c.org\/vexinzone109\/wp-json\/wp\/v2\/posts\/1018\/revisions\/2476"}],"wp:attachment":[{"href":"https:\/\/www.avl3c.org\/vexinzone109\/wp-json\/wp\/v2\/media?parent=1018"}],"wp:term":[{"taxonomy":"category","embeddable":true,"href":"https:\/\/www.avl3c.org\/vexinzone109\/wp-json\/wp\/v2\/categories?post=1018"},{"taxonomy":"post_tag","embeddable":true,"href":"https:\/\/www.avl3c.org\/vexinzone109\/wp-json\/wp\/v2\/tags?post=1018"}],"curies":[{"name":"wp","href":"https:\/\/api.w.org\/{rel}","templated":true}]}}