{"id":1030,"date":"2017-10-17T16:32:44","date_gmt":"2017-10-17T14:32:44","guid":{"rendered":"https:\/\/www.avl3c.org\/vexinzone109\/?p=1030"},"modified":"2024-11-12T16:31:57","modified_gmt":"2024-11-12T15:31:57","slug":"communique-avl3c-marche-calcia-14-10","status":"publish","type":"post","link":"https:\/\/www.avl3c.org\/vexinzone109\/communique-avl3c-marche-calcia-14-10\/","title":{"rendered":"Communiqu\u00e9 Avl3c &#8211; Marche Calcia 14\/10"},"content":{"rendered":"<p><strong> Bravo \u00e0 tous!<\/strong><\/p>\n<p>\u00ab Ce 14 octobre restera dans les m\u00e9moires.<br \/>\nNous avons pos\u00e9 un acte fondateur, notamment avec et vis-\u00e0-vis des \u00e9lus pr\u00e9sents, et ceux excus\u00e9s.<br \/>\nEt puis cette foule, dense, motiv\u00e9e&#8230;<br \/>\nC&rsquo;\u00e9tait tellement beau \u00e0 voir ! \u00bb<\/p>\n<p>C\u2019est en ces termes que Bruno Caffin Maire de Brueil-en-Vexin s\u2019est adress\u00e9 \u00e0 nous samedi soir apr\u00e8s la Marche de Mantes contre le projet d\u2019HeidelbergCement.<\/p>\n<p>C\u2019\u00e9tait donc une belle r\u00e9ussite :<\/p>\n<p>R\u00e9ussite, car le soleil avait rendez-vous avec la lutte&#8230;. \u00e7a n&rsquo;a l&rsquo;air de rien mais \u00e7a compte!<\/p>\n<p>R\u00e9ussite, car l&rsquo;encadrement \u00e9tait impeccable; merci \u00e0 tous ceux qui y ont particip\u00e9, parce que la mobilisation fut importante (environ 600 personnes) et aucun incident, une marche joyeuse \u00e9maill\u00e9e de nombreux slogans et notes d\u2019instruments divers, color\u00e9e avec de nombreuses banderoles, impressionnante avec une quinzaine de tracteurs\u2026<\/p>\n<p>R\u00e9ussite, car aussi et surtout de nombreux \u00e9lus ont \u00e9t\u00e9 pr\u00e9sents : le D\u00e9put\u00e9, nos deux conseillers r\u00e9gionaux et nos deux conseillers d\u00e9partementaux, de nombreux maires, des adjoints, des conseillers, des \u00e9lus d\u00e9partementaux, le Pr\u00e9sident, la directrice, et plusieurs membres du PNRVF.<\/p>\n<p>En tout nous avons d\u00e9compt\u00e9 45 \u00e9lus ( il nous parait difficile de pr\u00e9ciser le nom de chacun de crainte d\u2019oublier certains), des repr\u00e9sentants de f\u00e9d\u00e9rations agricoles et autres associations qui militent aussi pour une meilleure qualit\u00e9 de vie en vall\u00e9e de Seine.<\/p>\n<p>Vous l\u2019aurez compris sur la forme, c\u2019\u00e9tait un succ\u00e8s et nous remercions tous ceux qui ont \u0153uvr\u00e9 \u00e0 cet \u00e9v\u00e8nement, depuis les distributeurs de tracts jusqu&rsquo;aux peintres des banderoles, et ont permis que soit r\u00e9alis\u00e9 \u00ab cet acte fondateur \u00bb.<\/p>\n<p>Bien \u00e9videmment ce qui \u00e9tait important c\u2019\u00e9tait de faire passer un message fort :<\/p>\n<p>\u00a0\u00bb Nous ne voulons pas de ce projet d\u2019un autre temps, nous voulons un autre avenir pour notre r\u00e9gion !<\/p>\n<p>Nous demandons que les paysages du PNR ne soient pas d\u00e9truits que les terres agricoles soient pr\u00e9serv\u00e9es ainsi que les emplois en zone rurale.<\/p>\n<p>Nous demandons que se d\u00e9ploient en vall\u00e9e de Seine des initiatives \u00e9conomiques et des entreprises dont l&rsquo;activit\u00e9 soit compatible avec le droit \u00e0 la sant\u00e9, le droit \u00e0 l\u2019eau. \u00a0\u00bb<\/p>\n<p>Et ce message fort, ce sont les \u00e9lus, repr\u00e9sentants des citoyens, qui sont venus le porter soutenus par un grand nombre d\u2019entre vous et de ceux qui vous ont accompagn\u00e9s dans cette d\u00e9marche.<\/p>\n<p>L\u2019AVL3C-Vexin Zone 109 repr\u00e9sente une force (elle l\u2019a prouv\u00e9 cette fois encore), la prise de position des \u00e9lus une autre, les deux forces r\u00e9unies, nous devons poursuivre la lutte et convaincre avec un argumentaire et une d\u00e9termination sans faille.<\/p>\n<p>Ci-dessous les liens pour revivre les temps forts de la marche:<\/p>\n<ul>\n<li> <a href=\"http:\/\/bit.ly\/2wWMS3V\">l&rsquo;album photos sur le site AVL3C.org.<\/a>.<\/li>\n<li> <a href=\"http:\/\/bit.ly\/2ypMXAQ\">l&rsquo;album photos sur notre second Drive.<\/a>.<\/li>\n<li> <a href=\"http:\/\/bit.ly\/2ymUnCF\">la vid\u00e9o du cort\u00e8ge.<\/a><\/li>\n<li> <a href=\"http:\/\/bit.ly\/2wWjNFL\">la vid\u00e9o des discours.<\/a><\/li>\n<\/ul>\n<p>Cette marche dans Mantes fut une belle et grande \u00e9tape dans notre combat inlassable.<\/p>\n<p>Mais nous ne baissons pas les bras, bien au contraire : dossiers, recours, lettres, rendez-vous\u2026 votre soutien nous est pr\u00e9cieux, votre adh\u00e9sion et celle de ceux qui vous entourent aussi !<\/p>\n<p>Hauts les c\u0153urs !<br \/>\nEn avant pour la suite de la lutte !<\/p>\n<p><em><br \/>\n #ManifZ109 #CARRI\u00c8RES #CIMENTERIE #VEXIN #YVELINES #POLLUTION #PAYSAGE #ENVIRONNEMENT #EAU #AIR #SANT\u00c9 #GARGENVILLE #CALCIA #ITALCEMENTI #HeidelbergCement #PAD109 #MANTES<\/em><\/p>\n","protected":false},"excerpt":{"rendered":"<p>Bravo \u00e0 tous! \u00ab Ce 14 octobre restera dans les m\u00e9moires. Nous avons pos\u00e9 un acte fondateur, notamment avec et vis-\u00e0-vis des \u00e9lus pr\u00e9sents, et ceux excus\u00e9s. Et puis cette foule, dense, motiv\u00e9e&#8230; C&rsquo;\u00e9tait tellement beau \u00e0 voir ! \u00bb C\u2019est en ces termes que Bruno Caffin Maire de Brueil-en-Vexin s\u2019est adress\u00e9 \u00e0 nous samedi [&hellip;]<\/p>\n","protected":false},"author":1,"featured_media":0,"comment_status":"closed","ping_status":"open","sticky":false,"template":"","format":"standard","meta":{"footnotes":""},"categories":[57],"tags":[],"class_list":["post-1030","post","type-post","status-publish","format-standard","hentry","category-nos-actions"],"_links":{"self":[{"href":"https:\/\/www.avl3c.org\/vexinzone109\/wp-json\/wp\/v2\/posts\/1030","targetHints":{"allow":["GET"]}}],"collection":[{"href":"https:\/\/www.avl3c.org\/vexinzone109\/wp-json\/wp\/v2\/posts"}],"about":[{"href":"https:\/\/www.avl3c.org\/vexinzone109\/wp-json\/wp\/v2\/types\/post"}],"author":[{"embeddable":true,"href":"https:\/\/www.avl3c.org\/vexinzone109\/wp-json\/wp\/v2\/users\/1"}],"replies":[{"embeddable":true,"href":"https:\/\/www.avl3c.org\/vexinzone109\/wp-json\/wp\/v2\/comments?post=1030"}],"version-history":[{"count":1,"href":"https:\/\/www.avl3c.org\/vexinzone109\/wp-json\/wp\/v2\/posts\/1030\/revisions"}],"predecessor-version":[{"id":2466,"href":"https:\/\/www.avl3c.org\/vexinzone109\/wp-json\/wp\/v2\/posts\/1030\/revisions\/2466"}],"wp:attachment":[{"href":"https:\/\/www.avl3c.org\/vexinzone109\/wp-json\/wp\/v2\/media?parent=1030"}],"wp:term":[{"taxonomy":"category","embeddable":true,"href":"https:\/\/www.avl3c.org\/vexinzone109\/wp-json\/wp\/v2\/categories?post=1030"},{"taxonomy":"post_tag","embeddable":true,"href":"https:\/\/www.avl3c.org\/vexinzone109\/wp-json\/wp\/v2\/tags?post=1030"}],"curies":[{"name":"wp","href":"https:\/\/api.w.org\/{rel}","templated":true}]}}