{"id":1034,"date":"2017-12-13T10:44:07","date_gmt":"2017-12-13T09:44:07","guid":{"rendered":"https:\/\/www.avl3c.org\/vexinzone109\/?p=1034"},"modified":"2024-11-12T16:31:57","modified_gmt":"2024-11-12T15:31:57","slug":"le-debat-sur-les-carrieres-sinvite-a-gpso","status":"publish","type":"post","link":"https:\/\/www.avl3c.org\/vexinzone109\/le-debat-sur-les-carrieres-sinvite-a-gpso\/","title":{"rendered":"Le d\u00e9bat sur les carri\u00e8res s\u2019invite \u00e0 GPS&#038;O"},"content":{"rendered":"<p>Attendu depuis six mois, le d\u00e9bat sur le projet d\u2019extension des carri\u00e8res de calcaire du Vexin aura lieu le jeudi 14 d\u00e9cembre en ouverture du conseil communautaire de GPS&#038;O qui se tiendra \u00e0 la salle des f\u00eates de Gargenville. La s\u00e9ance sera avanc\u00e9e d\u2019une heure sur l\u2019horaire habituel et<br \/>\nd\u00e9butera \u00e0 19 heures.<br \/>\nRappelons que le projet port\u00e9 par Calcia d\u2019\u00e9tendre \u00e0 Brueil-en-Vexin l\u2019extraction du calcaire rencontre une forte opposition. Men\u00e9e \u00e0 l\u2019origine par l\u2019association AVL3C, la fronde a gagn\u00e9 du terrain. Une trentaine d\u2019\u00e9lus du Vexin et du Mantois ont sign\u00e9 une motion pour demander l\u2019arr\u00eat de ce projet.<br \/>\nLe d\u00e9bat pourrait montrer des dissensions au sein de la majorit\u00e9 de droite de la communaut\u00e9 urbaine. En effet, plusieurs \u00e9lus ont sign\u00e9 la fameuse motion, dont le d\u00e9put\u00e9-maire de Mantes-la- Jolie Michel Vialay, tandis que d\u2019autres \u00e9lus du m\u00eame bord politique soutiennent mordicus<br \/>\nl\u2019extension des carri\u00e8res dans le Vexin. Le patron du Conseil d\u00e9partemental des Yvelines et<br \/>\n3e vice-pr\u00e9sident de GSP&#038;O, Pierre B\u00e9dier en fait partie. Jeudi prochain, il se peut qu\u2019il y ait du sport \u00e0 la salle des f\u00eates de Gargenville.<br \/>\nF.C.<\/p>\n","protected":false},"excerpt":{"rendered":"<p>Attendu depuis six mois, le d\u00e9bat sur le projet d\u2019extension des carri\u00e8res de calcaire du Vexin aura lieu le jeudi 14 d\u00e9cembre en ouverture du conseil communautaire de GPS&#038;O qui se tiendra \u00e0 la salle des f\u00eates de Gargenville. La s\u00e9ance sera avanc\u00e9e d\u2019une heure sur l\u2019horaire habituel et d\u00e9butera \u00e0 19 heures. Rappelons que [&hellip;]<\/p>\n","protected":false},"author":1,"featured_media":0,"comment_status":"closed","ping_status":"open","sticky":false,"template":"","format":"standard","meta":{"footnotes":""},"categories":[51],"tags":[],"class_list":["post-1034","post","type-post","status-publish","format-standard","hentry","category-sinformer"],"_links":{"self":[{"href":"https:\/\/www.avl3c.org\/vexinzone109\/wp-json\/wp\/v2\/posts\/1034","targetHints":{"allow":["GET"]}}],"collection":[{"href":"https:\/\/www.avl3c.org\/vexinzone109\/wp-json\/wp\/v2\/posts"}],"about":[{"href":"https:\/\/www.avl3c.org\/vexinzone109\/wp-json\/wp\/v2\/types\/post"}],"author":[{"embeddable":true,"href":"https:\/\/www.avl3c.org\/vexinzone109\/wp-json\/wp\/v2\/users\/1"}],"replies":[{"embeddable":true,"href":"https:\/\/www.avl3c.org\/vexinzone109\/wp-json\/wp\/v2\/comments?post=1034"}],"version-history":[{"count":1,"href":"https:\/\/www.avl3c.org\/vexinzone109\/wp-json\/wp\/v2\/posts\/1034\/revisions"}],"predecessor-version":[{"id":2462,"href":"https:\/\/www.avl3c.org\/vexinzone109\/wp-json\/wp\/v2\/posts\/1034\/revisions\/2462"}],"wp:attachment":[{"href":"https:\/\/www.avl3c.org\/vexinzone109\/wp-json\/wp\/v2\/media?parent=1034"}],"wp:term":[{"taxonomy":"category","embeddable":true,"href":"https:\/\/www.avl3c.org\/vexinzone109\/wp-json\/wp\/v2\/categories?post=1034"},{"taxonomy":"post_tag","embeddable":true,"href":"https:\/\/www.avl3c.org\/vexinzone109\/wp-json\/wp\/v2\/tags?post=1034"}],"curies":[{"name":"wp","href":"https:\/\/api.w.org\/{rel}","templated":true}]}}