{"id":1046,"date":"2018-03-09T21:55:56","date_gmt":"2018-03-09T20:55:56","guid":{"rendered":"https:\/\/www.avl3c.org\/vexinzone109\/?p=1046"},"modified":"2024-11-12T16:31:56","modified_gmt":"2024-11-12T15:31:56","slug":"qualite-de-lair-des-citoyens-portent-plainte","status":"publish","type":"post","link":"https:\/\/www.avl3c.org\/vexinzone109\/qualite-de-lair-des-citoyens-portent-plainte\/","title":{"rendered":"Qualit\u00e9 de l\u2019air : des citoyens portent plainte"},"content":{"rendered":"<p>Plusieurs habitants de Juziers et des environs ont appris le 21 f\u00e9vrier avoir d\u00e9pos\u00e9 une plainte contre le pr\u00e9fet des Yvelines pour \u00ab mise en danger de la vie d\u2019autrui et pour carence fautive \u00bb.<\/p>\n<p>Courant f\u00e9vrier, un collectif de 14 citoyens de Juziers et ses environs indique avoir d\u00e9pos\u00e9 une plainte contre le pr\u00e9fet des Yvelines au motif que rien n\u2019est fait pour respecter les obligations de garantir un air sain. \u00ab Cette plainte porte sur la mise en danger de la vie d\u2019autrui et pour carence fautive \u00bb, indique le collectif dans un communiqu\u00e9.<\/p>\n<p>Le collectif pr\u00e9cise \u00e9galement avoir inform\u00e9 le minist\u00e8re de la transition \u00e9cologique et solidaire, ainsi que celui de la sant\u00e9. \u00ab Et nous n\u2019h\u00e9siterons pas \u00e0 poursuivre notre d\u00e9marche jusqu\u2019\u00e0 la cour Europ\u00e9enne sachant que notre l\u00e9gitime droit \u00e0 un air sain n\u2019est pas respect\u00e9, ce pourquoi, la France a d\u00e9j\u00e0 \u00e9t\u00e9 rappel\u00e9e \u00e0 l\u2019ordre par la communaut\u00e9 Europ\u00e9enne \u00bb, poursuit le communiqu\u00e9.<\/p>\n<p>Pour cette plainte le collectif s\u2019est appuy\u00e9 sur un rapport de l\u2019Association vexinoise de lutte contre les carri\u00e8res cimenti\u00e8res (AVL3C) portant sur la qualit\u00e9 de l\u2019air dans le secteur est intitul\u00e9 \u00ab La pollution de l\u2019air dans la vall\u00e9e de la Seine, une situation tr\u00e8s inqui\u00e9tante \u00bb.<\/p>\n","protected":false},"excerpt":{"rendered":"<p>Plusieurs habitants de Juziers et des environs ont appris le 21 f\u00e9vrier avoir d\u00e9pos\u00e9 une plainte contre le pr\u00e9fet des Yvelines pour \u00ab mise en danger de la vie d\u2019autrui et pour carence fautive \u00bb. Courant f\u00e9vrier, un collectif de 14 citoyens de Juziers et ses environs indique avoir d\u00e9pos\u00e9 une plainte contre le pr\u00e9fet [&hellip;]<\/p>\n","protected":false},"author":1,"featured_media":0,"comment_status":"closed","ping_status":"open","sticky":false,"template":"","format":"standard","meta":{"footnotes":""},"categories":[51],"tags":[],"class_list":["post-1046","post","type-post","status-publish","format-standard","hentry","category-sinformer"],"_links":{"self":[{"href":"https:\/\/www.avl3c.org\/vexinzone109\/wp-json\/wp\/v2\/posts\/1046","targetHints":{"allow":["GET"]}}],"collection":[{"href":"https:\/\/www.avl3c.org\/vexinzone109\/wp-json\/wp\/v2\/posts"}],"about":[{"href":"https:\/\/www.avl3c.org\/vexinzone109\/wp-json\/wp\/v2\/types\/post"}],"author":[{"embeddable":true,"href":"https:\/\/www.avl3c.org\/vexinzone109\/wp-json\/wp\/v2\/users\/1"}],"replies":[{"embeddable":true,"href":"https:\/\/www.avl3c.org\/vexinzone109\/wp-json\/wp\/v2\/comments?post=1046"}],"version-history":[{"count":1,"href":"https:\/\/www.avl3c.org\/vexinzone109\/wp-json\/wp\/v2\/posts\/1046\/revisions"}],"predecessor-version":[{"id":2451,"href":"https:\/\/www.avl3c.org\/vexinzone109\/wp-json\/wp\/v2\/posts\/1046\/revisions\/2451"}],"wp:attachment":[{"href":"https:\/\/www.avl3c.org\/vexinzone109\/wp-json\/wp\/v2\/media?parent=1046"}],"wp:term":[{"taxonomy":"category","embeddable":true,"href":"https:\/\/www.avl3c.org\/vexinzone109\/wp-json\/wp\/v2\/categories?post=1046"},{"taxonomy":"post_tag","embeddable":true,"href":"https:\/\/www.avl3c.org\/vexinzone109\/wp-json\/wp\/v2\/tags?post=1046"}],"curies":[{"name":"wp","href":"https:\/\/api.w.org\/{rel}","templated":true}]}}