{"id":1049,"date":"2018-04-12T22:16:09","date_gmt":"2018-04-12T20:16:09","guid":{"rendered":"https:\/\/www.avl3c.org\/vexinzone109\/?p=1049"},"modified":"2024-11-12T16:31:40","modified_gmt":"2024-11-12T15:31:40","slug":"2-articles-dans-le-courrier-de-mantes-mercredi-11-avril-2018","status":"publish","type":"post","link":"https:\/\/www.avl3c.org\/vexinzone109\/2-articles-dans-le-courrier-de-mantes-mercredi-11-avril-2018\/","title":{"rendered":"2 Articles dans LE COURRIER DE MANTES, MERCREDI 11 AVRIL 2018"},"content":{"rendered":"<p><strong>Le projet de carri\u00e8res de calcaire au centre d\u2019un vaste d\u00e9bat<\/strong><br \/>\nLe projet d\u2019ouverture de nouvelles carri\u00e8res de calcaire, \u00e0 Breuil-en-Vexin, rencontre une opposition franche. Une rencontre pour d\u00e9battre de ce projet a oppos\u00e9 vendredi \u00e0 Mantes-la-Jolie, des repr\u00e9sentants associatifs et syndicaux.<br \/>\nLes r\u00e9serves en calcaire de la carri\u00e8re de Guitrancourt sont en voie d\u2019\u00e9puisement. Le propri\u00e9taire<br \/>\nde la cimenterie de Gargenville, le groupe Heidelberg, qui s\u2019est port\u00e9 acqu\u00e9reur de Calcia, poursuit de nouveaux projets (voir nos pr\u00e9c\u00e9dentes \u00e9ditions du Courrier de Mantes). En ce sens, l\u2019ouverture de nouvelles carri\u00e8res de calcaire, sur le p\u00e9rim\u00e8tre de la commune de Breuil-en-Vexin, pourrait constituer une alternative. Une opportunit\u00e9 de conserver des emplois aujourd\u2019hui menac\u00e9s, comme le remarquent les forces syndicales. Mais les d\u00e9fenseurs de l\u2019environnement contestent ce projet, qui impliquerait une pollution autour du site.<\/p>\n<p><strong>Cimenterie : plus de 100 personnes vont en justice<\/strong><br \/>\nIls sont d\u00e9sormais 116, simples citoyens et \u00e9lus, \u00e0 attaquer le pr\u00e9fet en justice. Le 21 f\u00e9vrier dernier, une plainte collective pour \u00ab mise en danger de la vie d\u2019autrui \u00bb et \u00ab carence fautive \u00bb a \u00e9t\u00e9 d\u00e9pos\u00e9e contre le repr\u00e9sentant de l\u2019\u00c9tat dans le d\u00e9partement. La d\u00e9marche, lanc\u00e9e par une quinzaine d\u2019habitants de Juziers, vise \u00e0 sanctionner \u00ab l\u2019immobilisme des pouvoirs<br \/>\npublics \u00bb face \u00e0 la \u00ab pollution atmosph\u00e9rique \u00bb dans la vall\u00e9e de la Seine, caus\u00e9e, selon les<br \/>\ninitiateurs de la plainte, par la cimenterie Calcia de Gargenville.<\/p>\n<p><doc650|center><\/p>\n","protected":false},"excerpt":{"rendered":"<p>Le projet de carri\u00e8res de calcaire au centre d\u2019un vaste d\u00e9bat Le projet d\u2019ouverture de nouvelles carri\u00e8res de calcaire, \u00e0 Breuil-en-Vexin, rencontre une opposition franche. Une rencontre pour d\u00e9battre de ce projet a oppos\u00e9 vendredi \u00e0 Mantes-la-Jolie, des repr\u00e9sentants associatifs et syndicaux. Les r\u00e9serves en calcaire de la carri\u00e8re de Guitrancourt sont en voie d\u2019\u00e9puisement. [&hellip;]<\/p>\n","protected":false},"author":1,"featured_media":0,"comment_status":"closed","ping_status":"open","sticky":false,"template":"","format":"standard","meta":{"footnotes":""},"categories":[51],"tags":[],"class_list":["post-1049","post","type-post","status-publish","format-standard","hentry","category-sinformer"],"_links":{"self":[{"href":"https:\/\/www.avl3c.org\/vexinzone109\/wp-json\/wp\/v2\/posts\/1049","targetHints":{"allow":["GET"]}}],"collection":[{"href":"https:\/\/www.avl3c.org\/vexinzone109\/wp-json\/wp\/v2\/posts"}],"about":[{"href":"https:\/\/www.avl3c.org\/vexinzone109\/wp-json\/wp\/v2\/types\/post"}],"author":[{"embeddable":true,"href":"https:\/\/www.avl3c.org\/vexinzone109\/wp-json\/wp\/v2\/users\/1"}],"replies":[{"embeddable":true,"href":"https:\/\/www.avl3c.org\/vexinzone109\/wp-json\/wp\/v2\/comments?post=1049"}],"version-history":[{"count":1,"href":"https:\/\/www.avl3c.org\/vexinzone109\/wp-json\/wp\/v2\/posts\/1049\/revisions"}],"predecessor-version":[{"id":2448,"href":"https:\/\/www.avl3c.org\/vexinzone109\/wp-json\/wp\/v2\/posts\/1049\/revisions\/2448"}],"wp:attachment":[{"href":"https:\/\/www.avl3c.org\/vexinzone109\/wp-json\/wp\/v2\/media?parent=1049"}],"wp:term":[{"taxonomy":"category","embeddable":true,"href":"https:\/\/www.avl3c.org\/vexinzone109\/wp-json\/wp\/v2\/categories?post=1049"},{"taxonomy":"post_tag","embeddable":true,"href":"https:\/\/www.avl3c.org\/vexinzone109\/wp-json\/wp\/v2\/tags?post=1049"}],"curies":[{"name":"wp","href":"https:\/\/api.w.org\/{rel}","templated":true}]}}