{"id":1057,"date":"2018-06-18T23:10:50","date_gmt":"2018-06-18T21:10:50","guid":{"rendered":"https:\/\/www.avl3c.org\/vexinzone109\/?p=1057"},"modified":"2024-11-12T16:31:39","modified_gmt":"2024-11-12T15:31:39","slug":"dechets-inondations-et-amenagements-arretons-le-naufrage-en-val-de-seine","status":"publish","type":"post","link":"https:\/\/www.avl3c.org\/vexinzone109\/dechets-inondations-et-amenagements-arretons-le-naufrage-en-val-de-seine\/","title":{"rendered":"D\u00e9chets, inondations et am\u00e9nagements. Arr\u00eatons le naufrage en Val de Seine."},"content":{"rendered":"<p><img661|center><br \/>\n<strong>Mer de d\u00e9chets : C\u2019est plut\u00f4t d\u2019un oc\u00e9an dont il faudrait parler !<\/strong><\/p>\n<p>Un focus particuli\u00e8rement cruel pour notre territoire a \u00e9t\u00e9 fait r\u00e9cemment sur la \u2018\u2019mer \u2018\u2019 de d\u00e9chets \u00e0 Triel et Carri\u00e8res-sous-Poissy.<br \/>\nCette actualit\u00e9 est r\u00e9v\u00e9latrice de l\u2019abandon g\u00e9n\u00e9ral de ce territoire, ses habitants \u00e9tant oblig\u00e9s de se substituer \u00e0 la puissance publique dans l\u2019alerte et le traitement du probl\u00e8me.<br \/>\nLes pouvoirs publics, dans leur ensemble, d\u00e9montrent leur incapacit\u00e9 permanente \u00e0 traiter ces probl\u00e8mes de base, de police et d\u2019environnement, et pire comme l\u2019a fait le pr\u00e9fet, ils montrent un d\u00e9sint\u00e9r\u00eat total de ce territoire au profit d\u2019int\u00e9r\u00eats particuliers.<\/p>\n<p>Comment condamner les d\u00e9p\u00f4ts sauvages d\u2019un c\u00f4t\u00e9 de la route et autoriser dans le m\u00eame temps de l\u2019autre c\u00f4t\u00e9 l\u2019enfouissement de milliers de tonnes de gravats en remplacement du sable qui filtre l\u2019eau que nous buvons\u2026. O\u00f9 sont l\u2019exemplarit\u00e9 et la logique ? Est-ce dans les d\u00e9chets que l\u2019on nous condamne \u00e0 vivre sur ce territoire?<\/p>\n<p>Le cynisme g\u00e9n\u00e9ral des pouvoirs publics pr\u00e9v\u00f4t car les habitants vont devoir r\u00e9gler la double facture environnementale : Pour leur sant\u00e9, et la co\u00fbteuse correction de ces aberrations criminelles et impasses \u00e9cologiques.<\/p>\n<p><strong>Inondations : l\u2019histoire se r\u00e9p\u00e8te et acc\u00e9l\u00e8re\u2026<\/strong><\/p>\n<p>Autre inqui\u00e9tude r\u00e9v\u00e9l\u00e9e aux yeux de tous ces derniers jours par un nouvel \u00e9pisode pluvieux intense sur la r\u00e9gion.<br \/>\nEffets du d\u00e9r\u00e8glement climatique ? Le doute commence \u00e0 s\u2019installer\u2026.<br \/>\nComme en juin 2017, les d\u00e9g\u00e2ts occasionn\u00e9s sont spectaculaires et particuli\u00e8rement co\u00fbteux pour la collectivit\u00e9 :<\/p>\n<ul>\n<li>     Coupure de l\u2019A13, inondation des commerces et activit\u00e9s, quartiers et \u00e9coles ferm\u00e9es, etc&#8230;<\/li>\n<\/ul>\n<p>Ces d\u00e9g\u00e2ts n&rsquo;ont rien de \u00ab\u00a0naturels\u00a0\u00bb, ils sont la cause de pratiques agricoles d\u00e9niant l&rsquo;\u00e9quilibre hydrologique (disparition de haies et foss\u00e9s, tassement des sols,&#8230;) et de l\u2019intense imperm\u00e9abilisation des sols issus du b\u00e9tonnage \u00e0 tout va du Val de Seine.<\/p>\n<p>Que dire alors des volont\u00e9s du conseil g\u00e9n\u00e9ral et de GPSEO qui acceptent de supprimer 700 ha de terres agricoles au profit des projets inutiles?<\/p>\n<p><strong>Am\u00e9nagements du territoire : la faillite de la pens\u00e9e !<\/strong><\/p>\n<p>Ce territoire ne doit plus \u00eatre condamn\u00e9, et nous avec, par la m\u00e9diocrit\u00e9 des propositions de messieurs B\u00e9dier ou Tautou. Tous leurs projets sont refus\u00e9s par les commissaires enqu\u00eateurs !<br \/>\nIl est urgent de prendre l\u2019initiative devant la faillite de la pens\u00e9e officielle qui privil\u00e9gie surtout les int\u00e9r\u00eats particuliers au pr\u00e9texte suppos\u00e9 de la cr\u00e9ation d\u2019emploi, jamais d\u00e9montr\u00e9.<\/p>\n<p>Ce sont les associations qui d\u00e9fendent seules l\u2019int\u00e9r\u00eat public.<br \/>\nIl faut les soutenir au risque de nous voir tous ruin\u00e9s et in fine de voir tous les habitants fuir le d\u00e9sastre : 66% des habitants des Yvelines veulent quitter ce territoire !<\/p>\n","protected":false},"excerpt":{"rendered":"<p>Mer de d\u00e9chets : C\u2019est plut\u00f4t d\u2019un oc\u00e9an dont il faudrait parler ! Un focus particuli\u00e8rement cruel pour notre territoire a \u00e9t\u00e9 fait r\u00e9cemment sur la \u2018\u2019mer \u2018\u2019 de d\u00e9chets \u00e0 Triel et Carri\u00e8res-sous-Poissy. Cette actualit\u00e9 est r\u00e9v\u00e9latrice de l\u2019abandon g\u00e9n\u00e9ral de ce territoire, ses habitants \u00e9tant oblig\u00e9s de se substituer \u00e0 la puissance publique [&hellip;]<\/p>\n","protected":false},"author":1,"featured_media":0,"comment_status":"closed","ping_status":"open","sticky":false,"template":"","format":"standard","meta":{"footnotes":""},"categories":[51],"tags":[],"class_list":["post-1057","post","type-post","status-publish","format-standard","hentry","category-sinformer"],"_links":{"self":[{"href":"https:\/\/www.avl3c.org\/vexinzone109\/wp-json\/wp\/v2\/posts\/1057","targetHints":{"allow":["GET"]}}],"collection":[{"href":"https:\/\/www.avl3c.org\/vexinzone109\/wp-json\/wp\/v2\/posts"}],"about":[{"href":"https:\/\/www.avl3c.org\/vexinzone109\/wp-json\/wp\/v2\/types\/post"}],"author":[{"embeddable":true,"href":"https:\/\/www.avl3c.org\/vexinzone109\/wp-json\/wp\/v2\/users\/1"}],"replies":[{"embeddable":true,"href":"https:\/\/www.avl3c.org\/vexinzone109\/wp-json\/wp\/v2\/comments?post=1057"}],"version-history":[{"count":1,"href":"https:\/\/www.avl3c.org\/vexinzone109\/wp-json\/wp\/v2\/posts\/1057\/revisions"}],"predecessor-version":[{"id":2440,"href":"https:\/\/www.avl3c.org\/vexinzone109\/wp-json\/wp\/v2\/posts\/1057\/revisions\/2440"}],"wp:attachment":[{"href":"https:\/\/www.avl3c.org\/vexinzone109\/wp-json\/wp\/v2\/media?parent=1057"}],"wp:term":[{"taxonomy":"category","embeddable":true,"href":"https:\/\/www.avl3c.org\/vexinzone109\/wp-json\/wp\/v2\/categories?post=1057"},{"taxonomy":"post_tag","embeddable":true,"href":"https:\/\/www.avl3c.org\/vexinzone109\/wp-json\/wp\/v2\/tags?post=1057"}],"curies":[{"name":"wp","href":"https:\/\/api.w.org\/{rel}","templated":true}]}}