{"id":1063,"date":"2018-09-09T19:46:25","date_gmt":"2018-09-09T17:46:25","guid":{"rendered":"https:\/\/www.avl3c.org\/vexinzone109\/?p=1063"},"modified":"2024-11-12T16:31:39","modified_gmt":"2024-11-12T15:31:39","slug":"marche-pour-le-climat-nous-y-etions","status":"publish","type":"post","link":"https:\/\/www.avl3c.org\/vexinzone109\/marche-pour-le-climat-nous-y-etions\/","title":{"rendered":"Marche pour le climat, nous y \u00e9tions"},"content":{"rendered":"<p>Chers amis,<\/p>\n<p>Samedi dernier, nous \u00e9tions devant l&rsquo;H\u00f4tel de Ville de Paris pour ajouter notre voix \u00e0 la grande clameur mondiale r\u00e9clamant des politiques plus volontaristes en faveur du climat.<\/p>\n<article1579|cycle>\n<p>Avec le soutien de sympathisants parisiens, nous \u00e9tions une petite troupe d&rsquo;un quinzaine de personnes pour attirer l&rsquo;attention des participants et des m\u00e9dias sur cette cimenterie de Gargenville qui contribue grandement \u00e0 la pollution de notre r\u00e9gion et de l&rsquo;ouest parisien.<\/p>\n<p>La plupart des manifestants ignoraient totalement notre combat et son objet.<\/p>\n<p>Nos tracts, nos images et nos explications les ont beaucoup choqu\u00e9s.<br \/>\nNotre lutte a suscit\u00e9 la sympathie et un soutien unanime. Nous sommes rentr\u00e9s en fin d&rsquo;apr\u00e8s-midi avec la satisfaction d&rsquo;avoir contribuer \u00e0 notre fa\u00e7on \u00e0 cette grande mobilisation pour exiger de nos gouvernants qu&rsquo;ils r\u00e9sistent aux lobbies industriels et agissent fermement pour enrayer le d\u00e9r\u00e8glement climatique.<br \/>\nNotre affaire qui peut sembler locale est en r\u00e9alit\u00e9 tr\u00e8s embl\u00e9matique de ce qui se joue en ce moment au niveau mondial.<br \/>\nConstatant son impuissance au gouvernement Nicolas Hulot a pr\u00e9f\u00e9r\u00e9 jeter l&rsquo;\u00e9ponge et appeler les citoyens \u00e0 agir.<\/p>\n<p>Eh bien, malgr\u00e9 les difficult\u00e9s, nous sommes de ceux qui agissons. C&rsquo;est la premi\u00e8re fois que nous montions \u00e0 Paris pour essayer de nous faire entendre. Il faudra revenir. Pour que les Parisiens sachent qu&rsquo;\u00e0 deux pas de chez eux, la derni\u00e8re cimenterie d&rsquo;Ile-de-France contribue \u00e0 l&rsquo;air vici\u00e9 qu&rsquo;ils respirent.<br \/>\nEt qu&rsquo;elle voudrait obtenir le droit de continuer \u00e0 polluer pour 30, voire 60 ans, au d\u00e9triment de la sant\u00e9 des populations de la vall\u00e9e de la Seine et de l&rsquo;ouest parisien.<br \/>\nQue c&rsquo;est criminel, et que l&rsquo;Etat en est complice. Un gros travail d&rsquo;information nous attend.<br \/>\nEt vous pouvez tous y participer en le faisant savoir autour de vous. Ci-joint deux ou trois photos de notre intervention samedi dernier devant l&rsquo;H\u00f4tel de Ville de Paris.<\/p>\n<p>Attention : \u00e0 noter imp\u00e9rativement dans vos agendas :<\/p>\n<p>&#8211; <strong>17 septembre<\/strong>, d\u00e9but de la derni\u00e8re grande enqu\u00eate publique avant la catastrophe !<\/p>\n<p>&#8211; <strong>26 septembre<\/strong> : grande r\u00e9union publique organis\u00e9e par l&rsquo;AVL3C \u00e0 Juziers, \u00e0 20 h salle des f\u00eates pr\u00e8s de l&rsquo;\u00e9glise.<\/p>\n<p>C&rsquo;est un nouvelle \u00e9tape cruciale dans notre lutte. Il faut que tout le monde se sente concern\u00e9 et se mobilise dans les semaines qui viennent.<\/p>\n<p>Nous vous en reparlerons tr\u00e8s prochainement.<br \/>\nBonne semaine \u00e0 tous,<br \/>\nLe Conseil de l&rsquo;AVL3C.<\/p>\n<p>#MarchePourLeClimat <\/p>\n","protected":false},"excerpt":{"rendered":"<p>Chers amis, Samedi dernier, nous \u00e9tions devant l&rsquo;H\u00f4tel de Ville de Paris pour ajouter notre voix \u00e0 la grande clameur mondiale r\u00e9clamant des politiques plus volontaristes en faveur du climat. Avec le soutien de sympathisants parisiens, nous \u00e9tions une petite troupe d&rsquo;un quinzaine de personnes pour attirer l&rsquo;attention des participants et des m\u00e9dias sur cette [&hellip;]<\/p>\n","protected":false},"author":1,"featured_media":0,"comment_status":"closed","ping_status":"open","sticky":false,"template":"","format":"standard","meta":{"footnotes":""},"categories":[57],"tags":[],"class_list":["post-1063","post","type-post","status-publish","format-standard","hentry","category-nos-actions"],"_links":{"self":[{"href":"https:\/\/www.avl3c.org\/vexinzone109\/wp-json\/wp\/v2\/posts\/1063","targetHints":{"allow":["GET"]}}],"collection":[{"href":"https:\/\/www.avl3c.org\/vexinzone109\/wp-json\/wp\/v2\/posts"}],"about":[{"href":"https:\/\/www.avl3c.org\/vexinzone109\/wp-json\/wp\/v2\/types\/post"}],"author":[{"embeddable":true,"href":"https:\/\/www.avl3c.org\/vexinzone109\/wp-json\/wp\/v2\/users\/1"}],"replies":[{"embeddable":true,"href":"https:\/\/www.avl3c.org\/vexinzone109\/wp-json\/wp\/v2\/comments?post=1063"}],"version-history":[{"count":1,"href":"https:\/\/www.avl3c.org\/vexinzone109\/wp-json\/wp\/v2\/posts\/1063\/revisions"}],"predecessor-version":[{"id":2434,"href":"https:\/\/www.avl3c.org\/vexinzone109\/wp-json\/wp\/v2\/posts\/1063\/revisions\/2434"}],"wp:attachment":[{"href":"https:\/\/www.avl3c.org\/vexinzone109\/wp-json\/wp\/v2\/media?parent=1063"}],"wp:term":[{"taxonomy":"category","embeddable":true,"href":"https:\/\/www.avl3c.org\/vexinzone109\/wp-json\/wp\/v2\/categories?post=1063"},{"taxonomy":"post_tag","embeddable":true,"href":"https:\/\/www.avl3c.org\/vexinzone109\/wp-json\/wp\/v2\/tags?post=1063"}],"curies":[{"name":"wp","href":"https:\/\/api.w.org\/{rel}","templated":true}]}}