{"id":1067,"date":"2018-09-23T15:17:45","date_gmt":"2018-09-23T13:17:45","guid":{"rendered":"https:\/\/www.avl3c.org\/vexinzone109\/?p=1067"},"modified":"2024-11-12T16:31:39","modified_gmt":"2024-11-12T15:31:39","slug":"action-de-lavl3c-a-juziers-samedi-22-septembre","status":"publish","type":"post","link":"https:\/\/www.avl3c.org\/vexinzone109\/action-de-lavl3c-a-juziers-samedi-22-septembre\/","title":{"rendered":"Action de l&rsquo;Avl3c \u00e0 Juziers samedi 22 Septembre"},"content":{"rendered":"<p>Appel des habitants de Juziers \u00e0 :<\/p>\n<ul>\n<li> participer le 26 Septembre \u00e0 20h \u00e0 la r\u00e9union publique qui aura lieu \u00e0 Juziers<\/li>\n<li> manifester leur d\u00e9saccord sur le projet de carri\u00e8re \u00e0 Brueil-en-Vexin, le Jeudi 27 Septembre entre 15h et 15h30, lors du Conseil Communautaire de GPSEO, qui aura lieu \u00e0 la salle des f\u00eates de Gargenville. Rappelons que l&rsquo;ouverture d&rsquo;une carri\u00e8re de calcaire \u00e0 Bruei-en-Vexin p\u00e9rennise pour 30 ans l&rsquo;activit\u00e9 polluante du four de la cimenterie de Gargenville. <\/li>\n<\/ul>\n<p>Le jeudi 27 Septembre, le Conseil Communautaire est sollicit\u00e9 par le Pr\u00e9fet des Yvelines pour donner un avis sur le projet de carri\u00e8re. L&rsquo;Avl3c s&rsquo;insurge contre le fait que le Pr\u00e9sident de GPSEO, Monsieur Tautou,  propose d\u2019\u00e9mettre un avis favorable en raison de l\u2019enjeu et de<br \/>\nl\u2019impact positif du projet sur le d\u00e9veloppement \u00e9conomique du territoire. <\/p>\n<p>L&rsquo;Avl3c d\u00e9nonce le mensonge sur l&#8217;emploi et le d\u00e9ni des impacts environnementaux \u00e0 la fois de la cimenterie et de la carri\u00e8re.<\/p>\n<p><img697|center><br \/>\n<img698|center><\/p>\n","protected":false},"excerpt":{"rendered":"<p>Appel des habitants de Juziers \u00e0 : participer le 26 Septembre \u00e0 20h \u00e0 la r\u00e9union publique qui aura lieu \u00e0 Juziers manifester leur d\u00e9saccord sur le projet de carri\u00e8re \u00e0 Brueil-en-Vexin, le Jeudi 27 Septembre entre 15h et 15h30, lors du Conseil Communautaire de GPSEO, qui aura lieu \u00e0 la salle des f\u00eates de [&hellip;]<\/p>\n","protected":false},"author":1,"featured_media":0,"comment_status":"closed","ping_status":"open","sticky":false,"template":"","format":"standard","meta":{"footnotes":""},"categories":[57],"tags":[],"class_list":["post-1067","post","type-post","status-publish","format-standard","hentry","category-nos-actions"],"_links":{"self":[{"href":"https:\/\/www.avl3c.org\/vexinzone109\/wp-json\/wp\/v2\/posts\/1067","targetHints":{"allow":["GET"]}}],"collection":[{"href":"https:\/\/www.avl3c.org\/vexinzone109\/wp-json\/wp\/v2\/posts"}],"about":[{"href":"https:\/\/www.avl3c.org\/vexinzone109\/wp-json\/wp\/v2\/types\/post"}],"author":[{"embeddable":true,"href":"https:\/\/www.avl3c.org\/vexinzone109\/wp-json\/wp\/v2\/users\/1"}],"replies":[{"embeddable":true,"href":"https:\/\/www.avl3c.org\/vexinzone109\/wp-json\/wp\/v2\/comments?post=1067"}],"version-history":[{"count":1,"href":"https:\/\/www.avl3c.org\/vexinzone109\/wp-json\/wp\/v2\/posts\/1067\/revisions"}],"predecessor-version":[{"id":2431,"href":"https:\/\/www.avl3c.org\/vexinzone109\/wp-json\/wp\/v2\/posts\/1067\/revisions\/2431"}],"wp:attachment":[{"href":"https:\/\/www.avl3c.org\/vexinzone109\/wp-json\/wp\/v2\/media?parent=1067"}],"wp:term":[{"taxonomy":"category","embeddable":true,"href":"https:\/\/www.avl3c.org\/vexinzone109\/wp-json\/wp\/v2\/categories?post=1067"},{"taxonomy":"post_tag","embeddable":true,"href":"https:\/\/www.avl3c.org\/vexinzone109\/wp-json\/wp\/v2\/tags?post=1067"}],"curies":[{"name":"wp","href":"https:\/\/api.w.org\/{rel}","templated":true}]}}