{"id":1082,"date":"2018-12-10T21:47:00","date_gmt":"2018-12-10T20:47:00","guid":{"rendered":"https:\/\/www.avl3c.org\/vexinzone109\/?p=1082"},"modified":"2024-11-12T16:31:22","modified_gmt":"2024-11-12T15:31:22","slug":"non-au-plui-acte-i","status":"publish","type":"post","link":"https:\/\/www.avl3c.org\/vexinzone109\/non-au-plui-acte-i\/","title":{"rendered":"Non au PLUI &#8211; Acte I"},"content":{"rendered":"<p>Notre manifestation citoyenne \u00e0 l\u2019appel de Alternatives en Val de Seine, un collectif de 26 associations environnementales de la r\u00e9gion, dont l\u2019AVL3C est un membre actif a bien eu lieu. L\u2019objet de ce \u00ab sit-in \u00ab  est l\u2019\u00e9laboration du PLU intercommunautaire qui dans l\u2019\u00e9tat actuel est pour le moins tr\u00e8s insatisfaisant, au regard des n\u00e9cessit\u00e9s urgentes de la transition \u00e9cologique. Sant\u00e9 publique, transports, emploi, \u00e9nergies  renouvelables, protection de la nature, terres agricoles, eau\u2026 Dans tous les domaines, ce projet de PLUi  qui engage l\u2019avenir de notre  territoire ( son adoption engage pour les dix ann\u00e9es qui viennent ) n\u2019est pas \u00e0 la hauteur des enjeux dramatiques soulev\u00e9s par le changement climatique. Il s\u2019agissait pour nous d\u2019alerter les \u00e9lus sur l\u2019importance du d\u00e9bat qui s\u2019engage \u00e0 GPS&#038;O et faire savoir que les citoyens du territoire veulent prendre une part active \u00e0 l\u2019\u00e9laboration de ce projet qui touche \u00e0 leur avenir. Nous y avons distribuer un tract \u00e9crit en commun par les 26 associations et nous avons arbor\u00e9 des pancartes au nom de chacune des  associations  disant clairement \u00ab NON au PLUi \u00bb tel qu\u2019il est actuellement propos\u00e9. <\/p>\n<p>La vid\u00e9o de cette action sur ce lien : <a href=\"https:\/\/www.facebook.com\/alternativesenvalleedeseine\/videos\/2002893249746007\/UzpfSTI2OTE2NDEyNjU5NDE0MToxMDg1MzQzNjY0OTc2MTc5\/?q=vexin%20zone%20109&#038;epa=SEARCH_BOX\">https:\/\/www.facebook.com\/alternativesenvalleedeseine\/videos\/2002893249746007\/UzpfSTI2OTE2NDEyNjU5NDE0MToxMDg1MzQzNjY0OTc2MTc5\/?q=vexin%20zone%20109&#038;epa=SEARCH_BOX<\/a><\/p>\n","protected":false},"excerpt":{"rendered":"<p>Notre manifestation citoyenne \u00e0 l\u2019appel de Alternatives en Val de Seine, un collectif de 26 associations environnementales de la r\u00e9gion, dont l\u2019AVL3C est un membre actif a bien eu lieu. L\u2019objet de ce \u00ab sit-in \u00ab est l\u2019\u00e9laboration du PLU intercommunautaire qui dans l\u2019\u00e9tat actuel est pour le moins tr\u00e8s insatisfaisant, au regard des n\u00e9cessit\u00e9s [&hellip;]<\/p>\n","protected":false},"author":1,"featured_media":0,"comment_status":"closed","ping_status":"open","sticky":false,"template":"","format":"standard","meta":{"footnotes":""},"categories":[57],"tags":[],"class_list":["post-1082","post","type-post","status-publish","format-standard","hentry","category-nos-actions"],"_links":{"self":[{"href":"https:\/\/www.avl3c.org\/vexinzone109\/wp-json\/wp\/v2\/posts\/1082","targetHints":{"allow":["GET"]}}],"collection":[{"href":"https:\/\/www.avl3c.org\/vexinzone109\/wp-json\/wp\/v2\/posts"}],"about":[{"href":"https:\/\/www.avl3c.org\/vexinzone109\/wp-json\/wp\/v2\/types\/post"}],"author":[{"embeddable":true,"href":"https:\/\/www.avl3c.org\/vexinzone109\/wp-json\/wp\/v2\/users\/1"}],"replies":[{"embeddable":true,"href":"https:\/\/www.avl3c.org\/vexinzone109\/wp-json\/wp\/v2\/comments?post=1082"}],"version-history":[{"count":1,"href":"https:\/\/www.avl3c.org\/vexinzone109\/wp-json\/wp\/v2\/posts\/1082\/revisions"}],"predecessor-version":[{"id":2417,"href":"https:\/\/www.avl3c.org\/vexinzone109\/wp-json\/wp\/v2\/posts\/1082\/revisions\/2417"}],"wp:attachment":[{"href":"https:\/\/www.avl3c.org\/vexinzone109\/wp-json\/wp\/v2\/media?parent=1082"}],"wp:term":[{"taxonomy":"category","embeddable":true,"href":"https:\/\/www.avl3c.org\/vexinzone109\/wp-json\/wp\/v2\/categories?post=1082"},{"taxonomy":"post_tag","embeddable":true,"href":"https:\/\/www.avl3c.org\/vexinzone109\/wp-json\/wp\/v2\/tags?post=1082"}],"curies":[{"name":"wp","href":"https:\/\/api.w.org\/{rel}","templated":true}]}}