{"id":1094,"date":"2019-03-14T22:58:22","date_gmt":"2019-03-14T21:58:22","guid":{"rendered":"https:\/\/www.avl3c.org\/vexinzone109\/?p=1094"},"modified":"2024-11-12T16:31:04","modified_gmt":"2024-11-12T15:31:04","slug":"rappel-assemblee-generale-adhesion-2019-et-grand-debat","status":"publish","type":"post","link":"https:\/\/www.avl3c.org\/vexinzone109\/rappel-assemblee-generale-adhesion-2019-et-grand-debat\/","title":{"rendered":"Rappel assembl\u00e9e g\u00e9n\u00e9rale, adh\u00e9sion 2019 et grand d\u00e9bat"},"content":{"rendered":"<p>Chers amis, chers adh\u00e9rents, <\/p>\n<p>Ne vous fiez pas aux apparences !<\/p>\n<p>Il n&rsquo;y a pas de tr\u00eave hivernale pour le dossier de projet de carri\u00e8re \u00e0 Brueil.<\/p>\n<p>Bien au contraire, c&rsquo;est une \u00abpatate chaude\u00bb qu&rsquo;examinent en ce moment les services de l&rsquo;Etat.<\/p>\n<p>Les r\u00e9serves \u00e9mises par les commissaires enqu\u00eateurs en d\u00e9cembre dernier sont de taille et soul\u00e8vent de grosses difficult\u00e9s \u00e0 Calcia ! <\/p>\n<p>Les \u00abexperts\u00bb de notre association et nos avocats continuent de mettre \u00e0 jour de nouveaux mensonges et d&rsquo;incroyables omissions au d\u00e9tour des pages du volumineux dossier d\u00e9pos\u00e9 par Calcia pour obtenir l&rsquo;autorisation d&rsquo;exploitation.<\/p>\n<p>Le combat continue dans les coulisses des services de l&rsquo;Etat. <\/p>\n<p>Soyez assur\u00e9s que nous ne baissons pas les bras, forts du soutien de la population et de la grande majorit\u00e9 des \u00e9lus.<\/p>\n<p>Demain, AVL3C rencontrera le sous-pr\u00e9fet et tentera de convaincre, arguments \u00e0 l&rsquo;appui. <\/p>\n<p>Apr\u00e8s des navettes entre la pr\u00e9fecture des Yvelines et les minist\u00e8res concern\u00e9s (Environnement, Economie), on s&rsquo;attend \u00e0 ce que le pr\u00e9fet prenne position sur la demande d&rsquo;exploitation en Mai prochain.<\/p>\n<p>En cas d\u2019avis favorable, malgr\u00e9 les \u00e9normes r\u00e9serves des commissaires enqu\u00eateurs, nos avocats entreront en lice.<\/p>\n<p>Mais il  nous reste un peu de temps pour faire comprendre aux autorit\u00e9s d\u00e9cisionnaires que ce projet de carri\u00e8re \u00e0 Brueil est impensable, car totalement inadapt\u00e9 \u00e0 une \u00e9poque o\u00f9 il faut s\u2019attaquer s\u00e9rieusement \u00e0 la protection de la sant\u00e9, de l\u2019eau, des terres agricoles et \u00e0 un nouveau mode de d\u00e9veloppement \u00e9conomique.<\/p>\n<p>Plus que jamais, mobilisons-nous et faisons savoir l&rsquo;opposition irr\u00e9ductible de la population et de ses \u00e9lus.<\/p>\n<p>N\u2019oubliez jamais : on a besoin les uns des autres, c\u2019est un combat citoyen collectif.<\/p>\n<p>Ce que vous pouvez faire, m\u00eame ponctuel, m\u00eame modeste, est tr\u00e8s important.<\/p>\n<p>Deux occasions d\u2019exprimer ce refus massif. <\/p>\n<p>D&rsquo;abord participer en masse \u00e0 notre assembl\u00e9e g\u00e9n\u00e9rale annuelle vendredi 22 mars \u00e0 la salle des f\u00eates de Brueil, 20h 30. Les \u00e9lus et la presse sont convi\u00e9s, il est important que nous montrions notre force.<\/p>\n<p>Venez nombreux, \u00e0 d\u00e9faut envoyez-nous un pouvoir.<\/p>\n<p>Pensez \u00e9galement si ce n&rsquo;est fait, \u00e0 renouveler votre adh\u00e9sion pour 2019.<\/p>\n<p>Apr\u00e8s les votes (rapport moral, rapport financier, renouvellement du Conseil), un d\u00e9bat est pr\u00e9vu, que nous souhaitons vivant et positif, et un pot final pour nous f\u00e9liciter du travail accompli et nous donner du courage pour la suite.<\/p>\n<p>Pour montrer aux autorit\u00e9s l&rsquo;opposition massive de la population et des \u00e9lus de la r\u00e9gion concern\u00e9e par le projet destructeur de Heidelberg\/Calcia, le maire de Brueil et des concitoyens ont lanc\u00e9 une grande p\u00e9tition dans 17 communes impact\u00e9es par le projet de carri\u00e8re (Brueil, Sailly, Fontenay, Oinville, Jambville, Lainville, Guitrancourt, Juziers, M\u00e9zy, Evecquemont, Montalet, Tessancourt, Gaillon, Seraincourt, Hardricourt, Drocourt et Aincourt ). .Soit 18 000 habitants environ.<\/p>\n<p>Si cette p\u00e9tition, comme nous l&rsquo;esp\u00e9rons vivement, rencontre une tr\u00e8s large adh\u00e9sion de nos concitoyens, le maire de Brueil proposera d&rsquo;organiser avec les maires des 17 communes un \u00ab R\u00e9f\u00e9rendum d&rsquo;Initiave Locale \u00bb sur l&rsquo;ensemble du territoire concern\u00e9.<\/p>\n<p>Regardez si votre commune fait partie de cette liste. Signez-la et faites-l\u00e0 signer autour de vous. Et cochez et faites cocher la case \u00ab  souhaite un RIL \u00bb.  Retournez le document \u00e0 la mairie de Brueil ou \u00e0 un correspondant local.<\/p>\n<p>Nous nous sommes donn\u00e9s un mois pour cette premi\u00e8re \u00e9tape avant de passer au stade RIL. <\/p>\n<p>L&rsquo;AVL3C soutient totalement cette initiative qui permettra tr\u00e8s opportun\u00e9ment et tr\u00e8s publiquement de rappeler au pr\u00e9fet et au gouvernement l&rsquo;opposition r\u00e9solue et unanime de notre r\u00e9gion au projet de carri\u00e8re \u00e0 Brueil. Vous trouverez le tract en pi\u00e8ce jointe. Des tracts seront mis \u00e0 votre disposition dans la salle lors de l&rsquo;AG. <\/p>\n<p>Bulletin d&rsquo;adh\u00e9sion : <doc796|center><br \/>\nPouvoir : <doc797|center><\/p>\n","protected":false},"excerpt":{"rendered":"<p>Chers amis, chers adh\u00e9rents, Ne vous fiez pas aux apparences ! Il n&rsquo;y a pas de tr\u00eave hivernale pour le dossier de projet de carri\u00e8re \u00e0 Brueil. Bien au contraire, c&rsquo;est une \u00abpatate chaude\u00bb qu&rsquo;examinent en ce moment les services de l&rsquo;Etat. Les r\u00e9serves \u00e9mises par les commissaires enqu\u00eateurs en d\u00e9cembre dernier sont de taille [&hellip;]<\/p>\n","protected":false},"author":1,"featured_media":0,"comment_status":"closed","ping_status":"open","sticky":false,"template":"","format":"standard","meta":{"footnotes":""},"categories":[51],"tags":[],"class_list":["post-1094","post","type-post","status-publish","format-standard","hentry","category-sinformer"],"_links":{"self":[{"href":"https:\/\/www.avl3c.org\/vexinzone109\/wp-json\/wp\/v2\/posts\/1094","targetHints":{"allow":["GET"]}}],"collection":[{"href":"https:\/\/www.avl3c.org\/vexinzone109\/wp-json\/wp\/v2\/posts"}],"about":[{"href":"https:\/\/www.avl3c.org\/vexinzone109\/wp-json\/wp\/v2\/types\/post"}],"author":[{"embeddable":true,"href":"https:\/\/www.avl3c.org\/vexinzone109\/wp-json\/wp\/v2\/users\/1"}],"replies":[{"embeddable":true,"href":"https:\/\/www.avl3c.org\/vexinzone109\/wp-json\/wp\/v2\/comments?post=1094"}],"version-history":[{"count":1,"href":"https:\/\/www.avl3c.org\/vexinzone109\/wp-json\/wp\/v2\/posts\/1094\/revisions"}],"predecessor-version":[{"id":2405,"href":"https:\/\/www.avl3c.org\/vexinzone109\/wp-json\/wp\/v2\/posts\/1094\/revisions\/2405"}],"wp:attachment":[{"href":"https:\/\/www.avl3c.org\/vexinzone109\/wp-json\/wp\/v2\/media?parent=1094"}],"wp:term":[{"taxonomy":"category","embeddable":true,"href":"https:\/\/www.avl3c.org\/vexinzone109\/wp-json\/wp\/v2\/categories?post=1094"},{"taxonomy":"post_tag","embeddable":true,"href":"https:\/\/www.avl3c.org\/vexinzone109\/wp-json\/wp\/v2\/tags?post=1094"}],"curies":[{"name":"wp","href":"https:\/\/api.w.org\/{rel}","templated":true}]}}