{"id":1098,"date":"2019-03-24T11:21:17","date_gmt":"2019-03-24T10:21:17","guid":{"rendered":"https:\/\/www.avl3c.org\/vexinzone109\/?p=1098"},"modified":"2024-11-12T16:31:04","modified_gmt":"2024-11-12T15:31:04","slug":"lettre-au-prefet-suite-au-rendez-vous-du-13-mars-2019-en-sous-prefecture-de-mantes-la-jolie","status":"publish","type":"post","link":"https:\/\/www.avl3c.org\/vexinzone109\/lettre-au-prefet-suite-au-rendez-vous-du-13-mars-2019-en-sous-prefecture-de-mantes-la-jolie\/","title":{"rendered":"Lettre au Pr\u00e9fet, suite au rendez-vous du 13 mars 2019 en Sous-Pr\u00e9fecture de Mantes-la-Jolie"},"content":{"rendered":"<p>Monsieur le Pr\u00e9fet,<br \/>\nLe mercredi 13 mars 2019, notre association avait un rendez-vous pr\u00e9vu de longue date avec Monsieur le Sous-Pr\u00e9fet de Mantes-la-Jolie. Monsieur KALTEMBACHER, Chef de la DRIEE-UD78, \u00e9tait pr\u00e9sent lorsque nous sommes entr\u00e9s dans le bureau \u00e0 14h 30.<\/p>\n<p>Ce rendez-vous avait pour objet le dossier Heidelbergcement Calcia et les questions qui se posent, vu les r\u00e9serves cons\u00e9quentes formul\u00e9es dans les conclusions de l&rsquo;enqu\u00eate publique.<br \/>\nNous n\u2019avons pas compris pourquoi Monsieur KALTEMBACHER a interpr\u00e9t\u00e9 nos premi\u00e8res phrases comme une atteinte au travail des services de l\u2019\u00c9tat. Il est sorti cinq minutes plus tard, et Monsieur le Sous-Pr\u00e9fet n&rsquo;a pas souhait\u00e9 poursuivre la r\u00e9union car, selon lui, nous attaquerions les services de l\u2019Etat, nos arguments ne seraient pas \u00ab fond\u00e9s scientifiquement \u00bb, \u00ab nous serions contre tout \u00bb !<\/p>\n<p>Or nous avons d\u00e9ploy\u00e9 dans ce dossier une \u00e9nergie collective et citoyenne consid\u00e9rable qui a permis de mettre \u00e0 jour les aberrations du projet :<\/p>\n<ul>\n<li> L&rsquo;Autorit\u00e9 Environnementale, puis les Commissaires Enqu\u00eateurs, ont reconnu \u00e0 notre suite qu&rsquo;on ne pouvait envisager le projet \u00e0 Brueil-en-Vexin sans le relier \u00e0 la carri\u00e8re en fin de vie de Guitrancourt et \u00e0 la cimenterie de Gargenville, dont les nuisances ne peuvent \u00eatre ignor\u00e9es.<\/li>\n<li> Les Commissaires Enqu\u00eateurs ont \u00e9crit en toutes lettres \u00abqu\u2019un bon nombre d\u2019avis d\u00e9favorables exprim\u00e9s au cours de l\u2019enqu\u00eate publique sont \u00e9tay\u00e9s par des analyses et des documents qui conduisent la commission d\u2019enqu\u00eate \u00e0 s\u2019interroger, dans les paragraphes suivants, sur le bien-fond\u00e9 de certaines des affirmations figurant au dossier d\u00e9pos\u00e9 par Ciments Calcia.\u00bb.<br \/>\nNos arguments sont \u00e9tay\u00e9s sur des documents \u00e9manant des services de l&rsquo;\u00c9tat. Leur s\u00e9rieux a contribu\u00e9 \u00e0 ce qu&rsquo;une large majorit\u00e9 d&rsquo;\u00e9lus de la r\u00e9gion, y compris par un vote de la communaut\u00e9 urbaine GPS&#038;O, affirment leur opposition au projet.<\/li>\n<\/ul>\n<p>Notre association se fait l&rsquo;interpr\u00e8te de nombreux citoyens de cette r\u00e9gion, et nous nous \u00e9tonnons de rencontrer tant de difficult\u00e9s \u00e0 faire entendre nos questions.<\/p>\n<ul>\n<li>  Pourquoi les services instructeurs de l\u2019\u00c9tat n\u2019ont-ils pas oblig\u00e9 l\u2019industriel \u00e0 respecter leurs propres prescriptions concernant le projet de carri\u00e8re ?<br \/>\n(Voir https:\/\/1drv.ms\/b\/s!AsmARDN3s8rag6whxxm_FHP7B_g3lA, note remise \u00e0 Monsieur le Sous-Pr\u00e9fet et \u00e0 M KALTEMBACHER en d\u00e9but de r\u00e9union, ou en pi\u00e8ce jointe)<\/li>\n<li> Comment les services de l\u2019\u00c9tat vont-ils tirer les cons\u00e9quences des r\u00e9serves incontournables \u00e9mises par la Commission d\u2019Enqu\u00eate ? Pour ne prendre qu&rsquo;un exemple, quand est affirm\u00e9 \u00ab un risque majeur sur la nappe phr\u00e9atique \u00bb peut-on faire comme si cela ne remettait pas en question la poursuite du projet ?<\/li>\n<li> Au bout de cinq ans d&rsquo;instruction et plus de 5000 pages d&rsquo;\u00e9tudes, il a \u00e9t\u00e9 d\u00e9montr\u00e9 que la recherche d\u2019une \u00ab carri\u00e8re exemplaire \u00bb sur ce site (Brueil-en-Vexin) est totalement impossible. Pourquoi alors n&rsquo;a-t-il pas \u00e9t\u00e9 demand\u00e9 \u00e0 l&rsquo;industriel d&rsquo;\u00e9tudier des solutions alternatives ?<\/li>\n<\/ul>\n<p>Nous aurions \u00e9videmment aim\u00e9 en parler avec Monsieur le Sous-Pr\u00e9fet.<br \/>\nNous avons \u00e9t\u00e9 tr\u00e8s surpris, et choqu\u00e9s, de la mani\u00e8re dont il a \u00e9t\u00e9 mis fin \u00e0 cette r\u00e9union sans qu&rsquo;elle ait eu lieu. Dans le contexte actuel, avec le grand d\u00e9bat public souhait\u00e9 par le gouvernement, avec l&rsquo;urgence climatique qui oblige \u00e0 changer de priorit\u00e9s, ce refus de dialoguer avec notre association est d\u00e9concertant et vraiment regrettable.<br \/>\nNous nous tenons bien s\u00fbr \u00e0 votre disposition pour tout \u00e9change sur ce sujet.<br \/>\nVeuillez agr\u00e9er, Monsieur le Pr\u00e9fet, l\u2019expression de nos sentiments les plus respectueux.<br \/>\nLe Conseil d\u2019Administration de l\u2019AVL3C<\/p>\n<p>Note de synth\u00e8se d\u00e9pos\u00e9e au pr\u00e9fet : <doc806|center><\/p>\n","protected":false},"excerpt":{"rendered":"<p>Monsieur le Pr\u00e9fet, Le mercredi 13 mars 2019, notre association avait un rendez-vous pr\u00e9vu de longue date avec Monsieur le Sous-Pr\u00e9fet de Mantes-la-Jolie. Monsieur KALTEMBACHER, Chef de la DRIEE-UD78, \u00e9tait pr\u00e9sent lorsque nous sommes entr\u00e9s dans le bureau \u00e0 14h 30. Ce rendez-vous avait pour objet le dossier Heidelbergcement Calcia et les questions qui se [&hellip;]<\/p>\n","protected":false},"author":1,"featured_media":0,"comment_status":"closed","ping_status":"open","sticky":false,"template":"","format":"standard","meta":{"footnotes":""},"categories":[55],"tags":[],"class_list":["post-1098","post","type-post","status-publish","format-standard","hentry","category-nos-publications"],"_links":{"self":[{"href":"https:\/\/www.avl3c.org\/vexinzone109\/wp-json\/wp\/v2\/posts\/1098","targetHints":{"allow":["GET"]}}],"collection":[{"href":"https:\/\/www.avl3c.org\/vexinzone109\/wp-json\/wp\/v2\/posts"}],"about":[{"href":"https:\/\/www.avl3c.org\/vexinzone109\/wp-json\/wp\/v2\/types\/post"}],"author":[{"embeddable":true,"href":"https:\/\/www.avl3c.org\/vexinzone109\/wp-json\/wp\/v2\/users\/1"}],"replies":[{"embeddable":true,"href":"https:\/\/www.avl3c.org\/vexinzone109\/wp-json\/wp\/v2\/comments?post=1098"}],"version-history":[{"count":1,"href":"https:\/\/www.avl3c.org\/vexinzone109\/wp-json\/wp\/v2\/posts\/1098\/revisions"}],"predecessor-version":[{"id":2404,"href":"https:\/\/www.avl3c.org\/vexinzone109\/wp-json\/wp\/v2\/posts\/1098\/revisions\/2404"}],"wp:attachment":[{"href":"https:\/\/www.avl3c.org\/vexinzone109\/wp-json\/wp\/v2\/media?parent=1098"}],"wp:term":[{"taxonomy":"category","embeddable":true,"href":"https:\/\/www.avl3c.org\/vexinzone109\/wp-json\/wp\/v2\/categories?post=1098"},{"taxonomy":"post_tag","embeddable":true,"href":"https:\/\/www.avl3c.org\/vexinzone109\/wp-json\/wp\/v2\/tags?post=1098"}],"curies":[{"name":"wp","href":"https:\/\/api.w.org\/{rel}","templated":true}]}}