{"id":1105,"date":"2019-04-21T13:37:50","date_gmt":"2019-04-21T11:37:50","guid":{"rendered":"https:\/\/www.avl3c.org\/vexinzone109\/?p=1105"},"modified":"2024-11-12T16:31:03","modified_gmt":"2024-11-12T15:31:03","slug":"alerte-sur-leau-a-guitrancourt","status":"publish","type":"post","link":"https:\/\/www.avl3c.org\/vexinzone109\/alerte-sur-leau-a-guitrancourt\/","title":{"rendered":"Alerte sur l\u2019eau \u00e0 Guitrancourt !"},"content":{"rendered":"<p>Bonjour, \u00e0 tous, \u00e9lus et adh\u00e9rents,<\/p>\n<p>Sans vouloir vous d\u00e9ranger en plein week-end de P\u00e2ques, ceci pour info.<\/p>\n<p>Calcia fait sauter le carreau de la carri\u00e8re de Guitrancourt pour exploiter jusque sous la nappe, en contradiction avec l\u2019arr\u00eat\u00e9 pr\u00e9fectoral r\u00e9gissant l\u2019exploitation.<br \/>\nNous avons d\u00e9couvert cela par hasard, suite \u00e0 un incendie dimanche 14 avril dans le centre d\u2019enfouissement EMTA. Une photo prise par un drone montrait un court instant des \u00abpiscines\u00bb d\u2019eau dans la carri\u00e8re voisine\u2026..<\/p>\n<p><iframe loading=\"lazy\" width=\"560\" height=\"315\" src=\"https:\/\/www.youtube.com\/embed\/WRv6vSf06CA\" frameborder=\"0\" allow=\"accelerometer; autoplay; encrypted-media; gyroscope; picture-in-picture\" allowfullscreen><\/iframe><\/p>\n<p>Dans les jours qui ont suivi, nous avons d\u00e9pos\u00e9 une \u00abdemande de renseignement judiciaire\u00bb \u00e0 la gendarmerie de Limay, avec des photos montrant notamment les pr\u00e9paratifs de tirs de mine dans le carreau. Nous avons alert\u00e9 la mairie de Guitrancourt. Les conseillers sont inform\u00e9s, comme les d\u00e9put\u00e9s. Les conseillers Ghislaine Sen\u00e9e et Mounir Satouri, Bruno Caffin, maire de Brueil et vice pr\u00e9sident du PNR du Vexin ont d\u00e9j\u00e0 \u00e9crit au Pr\u00e9fet et au sous-pr\u00e9fet pour demander des \u00e9claircissements. La d\u00e9put\u00e9e Mich\u00e8le de Vaucouleurs s\u2019appr\u00eate \u00e0 faire de m\u00eame. <\/p>\n<p><strong>Nous demandons l\u2019arr\u00eat de cette exploitation ill\u00e9gale.<\/strong><\/p>\n<p>Nous redemandons l\u2019abandon du projet de nouvelle carri\u00e8re \u00e0 Brueil, au ras de la nappe phr\u00e9atique alimentant les forages de Meulan et l\u2019eau potable de 55 000 personnes.<\/p>\n<p>Si dans la carri\u00e8re de Guitrancourt, HeidelbergCement Calcia peut faire n\u2019importe quoi pour gratter les fonds de tiroir de calcaire, pourquoi \u00e0 l\u2019avenir s\u2019en priverait-il \u00e0 Brueil ? Les services de l\u2019Etat promettent une surveillance quasi quotidienne pendant 30 ans, et on va les croire ?  Nous sommes tr\u00e8s en col\u00e8re.<\/p>\n<p>L\u2019eau, c\u2019est notre futur, on ne peut plus laisser passer des projets qui la mettent en p\u00e9ril.<br \/>\nL\u2019eau de la vall\u00e9e de la Montcient est vitale, d\u00e9fendons-la. L\u2019eau en g\u00e9n\u00e9ral est vitale, d\u00e9fendons-la.<\/p>\n<p>Ecrivez au sous-pr\u00e9fet (18-20 rue de Lorraine, 78200 Mantes-la-Jolie) pour poser des questions, et r\u00e9affirmer votre volont\u00e9 d\u2019une protection absolue des ressources en eau, rejoignez-nous, venez nous voir demain lundi 22 avril, \u00e0 la brocante de Oinville, (devant les fen\u00eatres de la biblioth\u00e8que)<\/p>\n<p>Tous ensemble, prot\u00e9geons l\u2019eau, notre futur, contre ceux qui s\u2019en fichent.<\/p>\n<p>Bien amicalement, passez de bonnes f\u00eates, \u00e0 demain.<\/p>\n<p>Le Conseil d\u2019AVL3C Vexin Zone 109<\/p>\n","protected":false},"excerpt":{"rendered":"<p>Bonjour, \u00e0 tous, \u00e9lus et adh\u00e9rents, Sans vouloir vous d\u00e9ranger en plein week-end de P\u00e2ques, ceci pour info. Calcia fait sauter le carreau de la carri\u00e8re de Guitrancourt pour exploiter jusque sous la nappe, en contradiction avec l\u2019arr\u00eat\u00e9 pr\u00e9fectoral r\u00e9gissant l\u2019exploitation. Nous avons d\u00e9couvert cela par hasard, suite \u00e0 un incendie dimanche 14 avril dans [&hellip;]<\/p>\n","protected":false},"author":1,"featured_media":0,"comment_status":"closed","ping_status":"open","sticky":false,"template":"","format":"standard","meta":{"footnotes":""},"categories":[55],"tags":[],"class_list":["post-1105","post","type-post","status-publish","format-standard","hentry","category-nos-publications"],"_links":{"self":[{"href":"https:\/\/www.avl3c.org\/vexinzone109\/wp-json\/wp\/v2\/posts\/1105","targetHints":{"allow":["GET"]}}],"collection":[{"href":"https:\/\/www.avl3c.org\/vexinzone109\/wp-json\/wp\/v2\/posts"}],"about":[{"href":"https:\/\/www.avl3c.org\/vexinzone109\/wp-json\/wp\/v2\/types\/post"}],"author":[{"embeddable":true,"href":"https:\/\/www.avl3c.org\/vexinzone109\/wp-json\/wp\/v2\/users\/1"}],"replies":[{"embeddable":true,"href":"https:\/\/www.avl3c.org\/vexinzone109\/wp-json\/wp\/v2\/comments?post=1105"}],"version-history":[{"count":1,"href":"https:\/\/www.avl3c.org\/vexinzone109\/wp-json\/wp\/v2\/posts\/1105\/revisions"}],"predecessor-version":[{"id":2398,"href":"https:\/\/www.avl3c.org\/vexinzone109\/wp-json\/wp\/v2\/posts\/1105\/revisions\/2398"}],"wp:attachment":[{"href":"https:\/\/www.avl3c.org\/vexinzone109\/wp-json\/wp\/v2\/media?parent=1105"}],"wp:term":[{"taxonomy":"category","embeddable":true,"href":"https:\/\/www.avl3c.org\/vexinzone109\/wp-json\/wp\/v2\/categories?post=1105"},{"taxonomy":"post_tag","embeddable":true,"href":"https:\/\/www.avl3c.org\/vexinzone109\/wp-json\/wp\/v2\/tags?post=1105"}],"curies":[{"name":"wp","href":"https:\/\/api.w.org\/{rel}","templated":true}]}}