{"id":1108,"date":"2019-05-19T18:28:51","date_gmt":"2019-05-19T16:28:51","guid":{"rendered":"https:\/\/www.avl3c.org\/vexinzone109\/?p=1108"},"modified":"2024-11-12T16:31:03","modified_gmt":"2024-11-12T15:31:03","slug":"carriere-a-brueil-cimenterie-de-gargenville-le-feuilleton-continue","status":"publish","type":"post","link":"https:\/\/www.avl3c.org\/vexinzone109\/carriere-a-brueil-cimenterie-de-gargenville-le-feuilleton-continue\/","title":{"rendered":"Carri\u00e8re \u00e0 Brueil, cimenterie de Gargenville, le feuilleton continue !"},"content":{"rendered":"<p>Le feuilleton du projet carri\u00e8re \u00e0 Brueil-en-Vexin continue.<\/p>\n<p>Les premiers \u00e9pisodes datent d&rsquo;il y a plus de vingt ans, disons que \u00e7a commence \u00e0 lasser !!! <\/p>\n<p>Vous vous souvenez de l&rsquo;enqu\u00eate publique fin 2018 : extr\u00eamement critique, d\u00e9non\u00e7ant un \u00ab\u00a0risque majeur\u00a0\u00bb pour l&rsquo;eau, pointant la disparition des terres agricoles, la pollution g\u00e9n\u00e9r\u00e9e par l&rsquo;usine, des \u00e9tudes approximatives. Et malgr\u00e9 cela, au final&#8230;..un avis favorable !<br \/>\nDepuis, le Ministre de Rugy a fait \u00e0 la d\u00e9put\u00e9e Mich\u00e8le de Vaucouleurs une r\u00e9ponse dans l&rsquo;exacte ligne de celle du pr\u00e9c\u00e9dent ministre, Nicolas Hulot au d\u00e9put\u00e9 Michel Vialay.<\/p>\n<p>En substance : \u00a0\u00bb enfin, les amis, soyons s\u00e9rieux, on a besoin de ciment, l&rsquo;industriel fait son possible, il a am\u00e9lior\u00e9 le projet, ce dossier est impeccable ! \u00a0\u00bb<\/p>\n<p>Voici la suite :<\/p>\n<ul>\n<li> La semaine du 15 avril, suite \u00e0 un incendie dans le centre d&rsquo;enfouissement de d\u00e9chets  (EMTA) voisin, nous d\u00e9couvrons des images montrant&#8230; une succession de piscines au fond de la carri\u00e8re de Guitrancourt.<br \/>\n (https:\/\/www.avl3c.org\/?Alerte-sur-l-eau-a-Guitrancourt&#038;lang=fr).<\/li>\n<\/ul>\n<p>L&rsquo;industriel outrepasserait-il ses consignes d&rsquo;exploitation qui l&rsquo;obligent \u00e0 rester \u00ab\u00a0\u00e0 quelques m\u00e8tres\u00a0\u00bb au- dessus du plus haut niveau des nappes ?<\/p>\n<p>Nous avons effectu\u00e9 une demande de renseignements judiciaires \u00e0 la gendarmerie. Trois jours plus tard, comme cela s&rsquo;\u00e9tait d\u00e9j\u00e0 produit en avril 2017, tout est rebouch\u00e9 ! S&rsquo;il s&rsquo;agissait de \u00ab\u00a0bassins de r\u00e9tention\u00a0\u00bb ou de \u00ab\u00a0remont\u00e9es de nappes\u00a0\u00bb pourquoi en effacer les traces \u00e0 toute vitesse ?<br \/>\n<strong>Notre analyse : l&rsquo;industriel exp\u00e9rimente \u00e0 Guitrancourt ce qu&rsquo;il veut faire \u00e0 Brueil : aller chercher le calcaire dans la nappe, ou au plus pr\u00e8s, sans freins ni contr\u00f4les.<\/strong><\/p>\n<p>Il jure qu&rsquo;il n&rsquo;y aura aucun impact. Et on va le croire ?  <\/p>\n<ul>\n<li> Le 30 avril, le Pr\u00e9fet des Yvelines a pris un nouvel arr\u00eat\u00e9 cens\u00e9 poser de nouvelles obligations \u00e0 la cimenterie. En 2015, il en avait pris un demandant &#8211; pour avril 2017-, une diminution significative des \u00e9missions de poussi\u00e8res et de consommation d&rsquo;eau&#8230;.<\/li>\n<\/ul>\n<p>Prescriptions non respect\u00e9es \u00e0 ce jour.  Surprise ! Le nouvel arr\u00eat\u00e9 ne corrige pas le tir.<br \/>\nMieux, il reporte le d\u00e9lai   de plus de 5 ans par rapport aux prescriptions de l\u2019arr\u00eat\u00e9 du 10 novembre 2015 y compris pour les seuils de poussi\u00e8res \u00e9mises, ce qui est proprement scandaleux. Bien entendu, la population la plus concern\u00e9e, celle de Gargenville et Juziers, est tenue dans l&rsquo;ignorance&#8230; <\/p>\n<p>R\u00e9p\u00e9tons-le une fois de plus :<\/p>\n<p>Le projet de carri\u00e8re porte atteinte \u00e0 des biens communs (l&rsquo;air, la sant\u00e9, l&rsquo;eau, les terres agricoles) d\u00e9finitivement plus pr\u00e9cieux que le ciment.<br \/>\nMalgr\u00e9 ses 5000 pages, le dossier est incomplet, biais\u00e9. Les commissaires enqu\u00eateurs et l&rsquo;autorit\u00e9 environnementale l&rsquo;ont \u00e9crit en toutes lettres.<br \/>\nLe dossier ne tient pas compte des prescriptions de l&rsquo;Etat, pos\u00e9es lors de la cr\u00e9ation de la zone 109. (https:\/\/www.avl3c.org\/IMG\/pdf\/note_de_synthese_dae-pec_carriere_brueil-en-vexin.pdf).<\/p>\n<p>Pourquoi, ici, l&rsquo;Etat ne peut il pas faire respecter ses propres exigences? <\/p>\n<p>Nous vous demandons \u00e0 tous, \u00e9lus, citoyens, de vous saisir du dossier, d&rsquo;agir \u00e0 votre \u00e9chelle, en demandant des comptes \u00e0 l&rsquo;Etat.<\/p>\n<p>Une telle complaisance envers un dossier inacceptable n&rsquo;est plus possible.<\/p>\n<p>L&rsquo;autorisation d&rsquo;exploiter se prendra peut-\u00eatre dans quelques semaines<\/p>\n<p>Nous irons jusqu&rsquo;\u00e0 la Cour europ\u00e9enne s&rsquo;il le faut, au del\u00e0 de nos actuels recours.<\/p>\n<p>Merci \u00e0 tous.<\/p>\n<p>Le Conseil d&rsquo;AVL3C Vexin Zone 109<\/p>\n<p>Notes:<\/p>\n<p>Une r\u00e9union de la \u00ab\u00a0commission d\u00e9partementale des carri\u00e8res\u00a0\u00bb aura lieu \u00e0 la Pr\u00e9fecture le 24 mai, son avis est consultatif et bien s\u00fbr les cimentiers y sont tr\u00e8s bien repr\u00e9sent\u00e9s.<\/p>\n<p>Nous vous tiendrons au courant. <\/p>\n<p>Communiqu\u00e9 de presse de la F\u00e9d\u00e9ration des PNR contre le projet de carri\u00e8res dans le PNR du Vexin  http:\/\/www.pnr-vexin-francais.fr\/fr\/le-parc\/actualites\/en-cours\/bdd\/actu\/181<\/p>\n","protected":false},"excerpt":{"rendered":"<p>Le feuilleton du projet carri\u00e8re \u00e0 Brueil-en-Vexin continue. Les premiers \u00e9pisodes datent d&rsquo;il y a plus de vingt ans, disons que \u00e7a commence \u00e0 lasser !!! Vous vous souvenez de l&rsquo;enqu\u00eate publique fin 2018 : extr\u00eamement critique, d\u00e9non\u00e7ant un \u00ab\u00a0risque majeur\u00a0\u00bb pour l&rsquo;eau, pointant la disparition des terres agricoles, la pollution g\u00e9n\u00e9r\u00e9e par l&rsquo;usine, des [&hellip;]<\/p>\n","protected":false},"author":1,"featured_media":0,"comment_status":"closed","ping_status":"open","sticky":false,"template":"","format":"standard","meta":{"footnotes":""},"categories":[55],"tags":[],"class_list":["post-1108","post","type-post","status-publish","format-standard","hentry","category-nos-publications"],"_links":{"self":[{"href":"https:\/\/www.avl3c.org\/vexinzone109\/wp-json\/wp\/v2\/posts\/1108","targetHints":{"allow":["GET"]}}],"collection":[{"href":"https:\/\/www.avl3c.org\/vexinzone109\/wp-json\/wp\/v2\/posts"}],"about":[{"href":"https:\/\/www.avl3c.org\/vexinzone109\/wp-json\/wp\/v2\/types\/post"}],"author":[{"embeddable":true,"href":"https:\/\/www.avl3c.org\/vexinzone109\/wp-json\/wp\/v2\/users\/1"}],"replies":[{"embeddable":true,"href":"https:\/\/www.avl3c.org\/vexinzone109\/wp-json\/wp\/v2\/comments?post=1108"}],"version-history":[{"count":1,"href":"https:\/\/www.avl3c.org\/vexinzone109\/wp-json\/wp\/v2\/posts\/1108\/revisions"}],"predecessor-version":[{"id":2395,"href":"https:\/\/www.avl3c.org\/vexinzone109\/wp-json\/wp\/v2\/posts\/1108\/revisions\/2395"}],"wp:attachment":[{"href":"https:\/\/www.avl3c.org\/vexinzone109\/wp-json\/wp\/v2\/media?parent=1108"}],"wp:term":[{"taxonomy":"category","embeddable":true,"href":"https:\/\/www.avl3c.org\/vexinzone109\/wp-json\/wp\/v2\/categories?post=1108"},{"taxonomy":"post_tag","embeddable":true,"href":"https:\/\/www.avl3c.org\/vexinzone109\/wp-json\/wp\/v2\/tags?post=1108"}],"curies":[{"name":"wp","href":"https:\/\/api.w.org\/{rel}","templated":true}]}}