{"id":1109,"date":"2019-05-19T18:45:54","date_gmt":"2019-05-19T16:45:54","guid":{"rendered":"https:\/\/www.avl3c.org\/vexinzone109\/?p=1109"},"modified":"2024-11-12T16:31:03","modified_gmt":"2024-11-12T15:31:03","slug":"lettre-au-prefet","status":"publish","type":"post","link":"https:\/\/www.avl3c.org\/vexinzone109\/lettre-au-prefet\/","title":{"rendered":"Lettre au Pr\u00e9fet"},"content":{"rendered":"<p>Monsieur le Pr\u00e9fet,<br \/>\nLors de sa conf\u00e9rence de presse du 24 avril dernier, le Pr\u00e9sident de la R\u00e9publique a fait un bilan du \u00ab\u00a0grand d\u00e9bat\u00a0\u00bb et a notamment annonc\u00e9 sa volont\u00e9 d\u00e9centralisatrice. Il a c\u00e9l\u00e9br\u00e9 les \u00e9lus de terrain, et en particulier les maires, derniers repr\u00e9sentants du peuple \u00e0 b\u00e9n\u00e9ficier d\u2019une r\u00e9elle popularit\u00e9. \u00ab Il faut consolider la place des \u00e9lus \u00bb, \u00ab Je crois aux \u00e9lus \u00bb a-t-il r\u00e9p\u00e9t\u00e9, ouvrant ainsi un tournant de son quinquennat. Dans les semaines qui viennent, Monsieur le Pr\u00e9fet, vous allez devoir vous prononcer sur la demande d\u2019exploitation d\u2019une carri\u00e8re cimenti\u00e8re \u00e0 Brueil-en-Vexin dans le P.N.R. du Vexin. Dans ce dossier, la situation est on ne peut plus claire : la tr\u00e8s grande majorit\u00e9 des \u00e9lus locaux sont hostiles \u00e0 ce projet. Les membres de la Communaut\u00e9 Urbaine GPS&#038;O dont de nombreux maires ont tr\u00e8s majoritairement vot\u00e9 contre ce projet le 27 septembre 2018. Trois d\u00e9put\u00e9s des Yvelines (Mich\u00e8le de Vaucouleurs, Bruno Millienne, Michel Vialay), deux d\u00e9put\u00e9s europ\u00e9ens (Yannick Jadot et Eric Andrieu), six conseillers d\u00e9partementaux et r\u00e9gionaux (C\u00e9cile Dumoulin, Guy Muller, Mounir Satouri, Ghislaine S\u00e9n\u00e9, Cyril Nauth, Jean Luc Santini) ont exprim\u00e9 leur refus publiquement et\/ou dans le cadre de l\u2019enqu\u00eate publique. Les syndicats agricoles comme la FNSEA et la FDJA, la chambre d\u2019agriculture refusent la destruction de ces tr\u00e8s bonnes terres agricoles. Le PNR du Vexin a d\u00e9montr\u00e9 par une argumentation tr\u00e8s \u00e9tay\u00e9e lors de l\u2019enqu\u00eate publique que ce projet \u00e9tait destructeur pour l\u2019environnement et tr\u00e8s inqui\u00e9tant pour la pr\u00e9servation de l\u2019eau et de la nappe phr\u00e9atique. Comment justifier le maintien \u00e0 tout prix de l\u2019activit\u00e9 tr\u00e8s polluante de la cimenterie de Gargenville (parmi les dix sites les plus polluants d\u2019Ile de France) au milieu plus de 11 000 habitants ? Consciente de tout cela, la population ne veut pas de ce projet d\u2019un autre temps. Monsieur le Pr\u00e9fet, au vu de tous ces \u00e9v\u00e8nements (mouvement des gilets jaunes, grand d\u00e9bat, conf\u00e9rence de presse du Pr\u00e9sident de la R\u00e9publique) vous ne pouvez ignorer les \u00e9lus, leurs \u00e9lecteurs, les syndicats agricoles, le PNR, les associations, en prenant une d\u00e9cision contraire \u00e0 leur volont\u00e9. L\u2019ex\u00e9cutif ne peut plus \u00eatre au seul service d\u2019une multinationale surtout qu&rsquo;ici, le chantage \u00e0 l\u2019emploi n&rsquo;a pas lieu d\u2019\u00eatre, comme l&rsquo;ont not\u00e9 les commissaires enqu\u00eateurs. Vous ne pouvez pas consid\u00e9rer, vous et vos services qu&rsquo;un \u00ab\u00a0besoin de ciment\u00a0\u00bb &#8211; largement sur\u00e9valu\u00e9 et correspondant \u00e0 une autre \u00e9poque &#8211; justifie un projet aussi dommageable. M\u00eame si l\u2019enqu\u00eate publique s&rsquo;est conclue par un avis favorable, les r\u00e9serves \u00e9mises par les commissaires enqu\u00eateurs sont nombreuses et si importantes, au regard des risques climatiques, de la n\u00e9cessaire transition \u00e9cologique, que cet avis soit disant \u00ab\u00a0favorable\u00a0\u00bb est incompr\u00e9hensible. Il faut regarder les choses en face. Les temps changent, le Pr\u00e9sident de la R\u00e9publique veut redonner sa juste place aux \u00e9lus locaux. Monsieur le Pr\u00e9fet, merci de respecter leur volont\u00e9 comme celle du PNR, syndicats, associations, habitants\u2026 en refusant ce permis d\u2019exploiter une carri\u00e8re dans le PNR du Vexin \u00e0 Calcia\/Heidelberg.<br \/>\nLe Conseil de l&rsquo;AVL3C<br \/>\nCopie \u00e0 toutes les personnes cit\u00e9es.<\/p>\n","protected":false},"excerpt":{"rendered":"<p>Monsieur le Pr\u00e9fet, Lors de sa conf\u00e9rence de presse du 24 avril dernier, le Pr\u00e9sident de la R\u00e9publique a fait un bilan du \u00ab\u00a0grand d\u00e9bat\u00a0\u00bb et a notamment annonc\u00e9 sa volont\u00e9 d\u00e9centralisatrice. Il a c\u00e9l\u00e9br\u00e9 les \u00e9lus de terrain, et en particulier les maires, derniers repr\u00e9sentants du peuple \u00e0 b\u00e9n\u00e9ficier d\u2019une r\u00e9elle popularit\u00e9. \u00ab Il [&hellip;]<\/p>\n","protected":false},"author":1,"featured_media":0,"comment_status":"closed","ping_status":"open","sticky":false,"template":"","format":"standard","meta":{"footnotes":""},"categories":[55],"tags":[],"class_list":["post-1109","post","type-post","status-publish","format-standard","hentry","category-nos-publications"],"_links":{"self":[{"href":"https:\/\/www.avl3c.org\/vexinzone109\/wp-json\/wp\/v2\/posts\/1109","targetHints":{"allow":["GET"]}}],"collection":[{"href":"https:\/\/www.avl3c.org\/vexinzone109\/wp-json\/wp\/v2\/posts"}],"about":[{"href":"https:\/\/www.avl3c.org\/vexinzone109\/wp-json\/wp\/v2\/types\/post"}],"author":[{"embeddable":true,"href":"https:\/\/www.avl3c.org\/vexinzone109\/wp-json\/wp\/v2\/users\/1"}],"replies":[{"embeddable":true,"href":"https:\/\/www.avl3c.org\/vexinzone109\/wp-json\/wp\/v2\/comments?post=1109"}],"version-history":[{"count":1,"href":"https:\/\/www.avl3c.org\/vexinzone109\/wp-json\/wp\/v2\/posts\/1109\/revisions"}],"predecessor-version":[{"id":2394,"href":"https:\/\/www.avl3c.org\/vexinzone109\/wp-json\/wp\/v2\/posts\/1109\/revisions\/2394"}],"wp:attachment":[{"href":"https:\/\/www.avl3c.org\/vexinzone109\/wp-json\/wp\/v2\/media?parent=1109"}],"wp:term":[{"taxonomy":"category","embeddable":true,"href":"https:\/\/www.avl3c.org\/vexinzone109\/wp-json\/wp\/v2\/categories?post=1109"},{"taxonomy":"post_tag","embeddable":true,"href":"https:\/\/www.avl3c.org\/vexinzone109\/wp-json\/wp\/v2\/tags?post=1109"}],"curies":[{"name":"wp","href":"https:\/\/api.w.org\/{rel}","templated":true}]}}