{"id":1111,"date":"2019-06-01T14:53:15","date_gmt":"2019-06-01T12:53:15","guid":{"rendered":"https:\/\/www.avl3c.org\/vexinzone109\/?p=1111"},"modified":"2024-11-12T16:30:45","modified_gmt":"2024-11-12T15:30:45","slug":"droit-de-reponse-dun-adherent-de-lavl3c-aux-medias","status":"publish","type":"post","link":"https:\/\/www.avl3c.org\/vexinzone109\/droit-de-reponse-dun-adherent-de-lavl3c-aux-medias\/","title":{"rendered":"Droit de r\u00e9ponse d&rsquo;un adh\u00e9rent de l&rsquo;Avl3c aux m\u00e9dias"},"content":{"rendered":"<p>Concernant \u00abl&rsquo;article\u00bb du Courriers de Mantes : <strong>VEXIN l&rsquo;extension des carri\u00e8res presque valid\u00e9e <\/strong> <\/p>\n<p>Vous ne parlez pour affirmer cela que de la d\u00e9cision consultative de la commission des carri\u00e8res quasiment compos\u00e9e que des pros b\u00e9ton \u00e0 savoir les cimentiers (Calcia), des \u00e9lus non repr\u00e9sentatif (rempla\u00e7ant de C\u00e9cile Dumoulin) qui vote \u00e0 l&rsquo;inverse de sa position ou du maire de Guitrancourt qui s&rsquo;est abstenu alors qu&rsquo;il repr\u00e9sentait les maires qui sont d\u00e9favorables aux projets .<\/p>\n<p>Mais vous vous gardez bien de parler  des multiples atteintes au DROIT :<\/p>\n<ul>\n<li> puisque vous n&rsquo;\u00e9voquez pas le fonctionnement de la cimenterie en infraction depuis 2015<\/li>\n<\/ul>\n<ul>\n<li> vous n&rsquo;\u00e9voquez pas le pr\u00e9fet qui fait l&rsquo;objet d&rsquo;une plainte pour carence fautive et mise en danger d&rsquo;autrui depuis le 21 f\u00e9vrier 2018 et qui s&rsquo;autorise \u00e0 donner un droit \u00e0 polluer suppl\u00e9mentaire \u00e0 Heidelberg Calcia jusqu&rsquo;en 2022 .<\/li>\n<\/ul>\n<ul>\n<li> vous n&rsquo;\u00e9voquez pas les atteintes a la nappe phr\u00e9atique de la carri\u00e8re de Guitrancourt (plainte \u00e0 la gendarmerie par l&rsquo;AVL3C) quand le maire de Guitrancourt parle d&rsquo;une exploitation exemplaire et s&rsquo;abstient.<\/li>\n<\/ul>\n<p>bref, contrairement \u00e0 ce que vous laissez pensez &#8230;rien n&rsquo;est valid\u00e9<\/p>\n<p>Car les avocats vont se charger de rendre justice \u00e0 la population qui subit une violation du droit \u00e0 un air pour tous les citoyens, ce que vient de reconnaitre le tribunal dans une autre affaire de carence fautive de l\u2019\u00e9tat .  (\u00e0 Juziers et alentour 280 plaignant dont des \u00e9lus )<\/p>\n<p>Alors dans vos informations , ayez l\u2019honn\u00eatet\u00e9 intellectuelle d&rsquo;aborder toutes les donn\u00e9es et pas seulement celle qui trop souvent vont dans l\u2019int\u00e9r\u00eat de l&rsquo;industriel ou de l&rsquo;\u00e9tat complice .<\/p>\n<p>Dans la crise des gilets jaunes , on a souvent entendu que la presse \u00e9tait aux ordres , on aimerait qu&rsquo;en toute transparence vous nous parliez , de ce pr\u00e9fet qui donne une autorisation \u00e0 polluer pour la cimenterie jusqu&rsquo;en 2022  soit 7 ans depuis contr\u00f4le de 2015.<\/p>\n<p>Qui ne sanctionne pas HEIDELBERG CALCIA pour son atteinte a la nappe de Guitrancourt .<\/p>\n<p>oui ,on aimerait savoir aussi pourquoi ce pr\u00e9fet qui fait l&rsquo;objet d&rsquo;une plainte de plus de 280 personnes est prot\u00e9g\u00e9 par le procureur qui laisse courir la plainte sans l&rsquo;instruire &#8230;<\/p>\n<p>Autre article du Parisien sur le m\u00eame sujet :<br \/>\n<a href=\"http:\/\/m.leparisien.fr\/yvelines-78\/brueil-en-vexin-un-pas-de-plus-vers-l-extension-des-carrieres-de-calcia-26-05-2019-8080065.php\">http:\/\/m.leparisien.fr\/yvelines-78\/brueil-en-vexin-un-pas-de-plus-vers-l-extension-des-carrieres-de-calcia-26-05-2019-8080065.php<\/a><br \/>\nArticle du courrier de Mantes : <doc852|center><\/p>\n","protected":false},"excerpt":{"rendered":"<p>Concernant \u00abl&rsquo;article\u00bb du Courriers de Mantes : VEXIN l&rsquo;extension des carri\u00e8res presque valid\u00e9e Vous ne parlez pour affirmer cela que de la d\u00e9cision consultative de la commission des carri\u00e8res quasiment compos\u00e9e que des pros b\u00e9ton \u00e0 savoir les cimentiers (Calcia), des \u00e9lus non repr\u00e9sentatif (rempla\u00e7ant de C\u00e9cile Dumoulin) qui vote \u00e0 l&rsquo;inverse de sa position [&hellip;]<\/p>\n","protected":false},"author":1,"featured_media":0,"comment_status":"closed","ping_status":"open","sticky":false,"template":"","format":"standard","meta":{"footnotes":""},"categories":[51],"tags":[],"class_list":["post-1111","post","type-post","status-publish","format-standard","hentry","category-sinformer"],"_links":{"self":[{"href":"https:\/\/www.avl3c.org\/vexinzone109\/wp-json\/wp\/v2\/posts\/1111","targetHints":{"allow":["GET"]}}],"collection":[{"href":"https:\/\/www.avl3c.org\/vexinzone109\/wp-json\/wp\/v2\/posts"}],"about":[{"href":"https:\/\/www.avl3c.org\/vexinzone109\/wp-json\/wp\/v2\/types\/post"}],"author":[{"embeddable":true,"href":"https:\/\/www.avl3c.org\/vexinzone109\/wp-json\/wp\/v2\/users\/1"}],"replies":[{"embeddable":true,"href":"https:\/\/www.avl3c.org\/vexinzone109\/wp-json\/wp\/v2\/comments?post=1111"}],"version-history":[{"count":1,"href":"https:\/\/www.avl3c.org\/vexinzone109\/wp-json\/wp\/v2\/posts\/1111\/revisions"}],"predecessor-version":[{"id":2391,"href":"https:\/\/www.avl3c.org\/vexinzone109\/wp-json\/wp\/v2\/posts\/1111\/revisions\/2391"}],"wp:attachment":[{"href":"https:\/\/www.avl3c.org\/vexinzone109\/wp-json\/wp\/v2\/media?parent=1111"}],"wp:term":[{"taxonomy":"category","embeddable":true,"href":"https:\/\/www.avl3c.org\/vexinzone109\/wp-json\/wp\/v2\/categories?post=1111"},{"taxonomy":"post_tag","embeddable":true,"href":"https:\/\/www.avl3c.org\/vexinzone109\/wp-json\/wp\/v2\/tags?post=1111"}],"curies":[{"name":"wp","href":"https:\/\/api.w.org\/{rel}","templated":true}]}}