{"id":1116,"date":"2019-06-01T22:07:46","date_gmt":"2019-06-01T20:07:46","guid":{"rendered":"https:\/\/www.avl3c.org\/vexinzone109\/?p=1116"},"modified":"2024-11-12T16:30:45","modified_gmt":"2024-11-12T15:30:45","slug":"lavl3c-invitee-par-france-insoumise-pour-temoigner-du-combat-de-breuil-en-vexin","status":"publish","type":"post","link":"https:\/\/www.avl3c.org\/vexinzone109\/lavl3c-invitee-par-france-insoumise-pour-temoigner-du-combat-de-breuil-en-vexin\/","title":{"rendered":"L&rsquo;Avl3c invit\u00e9e par France Insoumise pour t\u00e9moigner du combat de Breuil-en-Vexin"},"content":{"rendered":"<p>Invit\u00e9 par Danielle Simonet de la France Insoumise, Jean-Christophe de l&rsquo;Avl3c a particip\u00e9 \u00e0 un d\u00e9bat avec deux autres associations anti-b\u00e9ton. Cela se passait \u00e0 Paris 15\u00e8me quai de Javel devant la Centrale b\u00e9ton de Lafarge. <\/p>\n<p><iframe loading=\"lazy\" width=\"560\" height=\"315\" src=\"https:\/\/www.youtube.com\/embed\/oXM_2yA_EkQ\" frameborder=\"0\" allow=\"accelerometer; autoplay; encrypted-media; gyroscope; picture-in-picture\" allowfullscreen><\/iframe><\/p>\n","protected":false},"excerpt":{"rendered":"<p>Invit\u00e9 par Danielle Simonet de la France Insoumise, Jean-Christophe de l&rsquo;Avl3c a particip\u00e9 \u00e0 un d\u00e9bat avec deux autres associations anti-b\u00e9ton. Cela se passait \u00e0 Paris 15\u00e8me quai de Javel devant la Centrale b\u00e9ton de Lafarge.<\/p>\n","protected":false},"author":1,"featured_media":0,"comment_status":"closed","ping_status":"open","sticky":false,"template":"","format":"standard","meta":{"footnotes":""},"categories":[51],"tags":[],"class_list":["post-1116","post","type-post","status-publish","format-standard","hentry","category-sinformer"],"_links":{"self":[{"href":"https:\/\/www.avl3c.org\/vexinzone109\/wp-json\/wp\/v2\/posts\/1116","targetHints":{"allow":["GET"]}}],"collection":[{"href":"https:\/\/www.avl3c.org\/vexinzone109\/wp-json\/wp\/v2\/posts"}],"about":[{"href":"https:\/\/www.avl3c.org\/vexinzone109\/wp-json\/wp\/v2\/types\/post"}],"author":[{"embeddable":true,"href":"https:\/\/www.avl3c.org\/vexinzone109\/wp-json\/wp\/v2\/users\/1"}],"replies":[{"embeddable":true,"href":"https:\/\/www.avl3c.org\/vexinzone109\/wp-json\/wp\/v2\/comments?post=1116"}],"version-history":[{"count":1,"href":"https:\/\/www.avl3c.org\/vexinzone109\/wp-json\/wp\/v2\/posts\/1116\/revisions"}],"predecessor-version":[{"id":2388,"href":"https:\/\/www.avl3c.org\/vexinzone109\/wp-json\/wp\/v2\/posts\/1116\/revisions\/2388"}],"wp:attachment":[{"href":"https:\/\/www.avl3c.org\/vexinzone109\/wp-json\/wp\/v2\/media?parent=1116"}],"wp:term":[{"taxonomy":"category","embeddable":true,"href":"https:\/\/www.avl3c.org\/vexinzone109\/wp-json\/wp\/v2\/categories?post=1116"},{"taxonomy":"post_tag","embeddable":true,"href":"https:\/\/www.avl3c.org\/vexinzone109\/wp-json\/wp\/v2\/tags?post=1116"}],"curies":[{"name":"wp","href":"https:\/\/api.w.org\/{rel}","templated":true}]}}