{"id":1122,"date":"2019-06-28T20:36:55","date_gmt":"2019-06-28T18:36:55","guid":{"rendered":"https:\/\/www.avl3c.org\/vexinzone109\/?p=1122"},"modified":"2024-11-12T16:30:45","modified_gmt":"2024-11-12T15:30:45","slug":"vexin-les-opposants-a-la-carriere-sous-les-fenetres-du-ministere","status":"publish","type":"post","link":"https:\/\/www.avl3c.org\/vexinzone109\/vexin-les-opposants-a-la-carriere-sous-les-fenetres-du-ministere\/","title":{"rendered":"Vexin : les opposants \u00e0 la carri\u00e8re sous les fen\u00eatres du minist\u00e8re"},"content":{"rendered":"<p>Casquette rouge sur la t\u00eate, salopette bleue, \u00ab l&rsquo;enfant embl\u00e9matique \u00bb de la vall\u00e9e de Seine, baptis\u00e9 R\u00e9mi, est venu manifester avec une trentaine d&rsquo;\u00e9lus des Yvelines et du Val-d&rsquo;Oise devant le minist\u00e8re de la transition \u00e9cologique (Paris VIIe), ce jeudi. \u00ab C&rsquo;est un mannequin en plastique qui a un flacon de Ventoline. Il symbolise les enfants malades \u00e0 cause de la pollution \u00bb, explique Philippe, un habitant de Juziers. Ce militant de l&rsquo;association de d\u00e9fense de l&rsquo;environnement AVL3C a fait lui aussi le d\u00e9placement avec d&rsquo;autres membres, inquiets par le projet d&rsquo;extension de carri\u00e8res de calcaire Calcia-HeidelbergCement \u00e0 Brueil-en-Vexin.<\/p>\n<p><img882|center><\/p>\n<p>\u00ab La voix des territoires doit pouvoir compter dans la prise de d\u00e9cision de l&rsquo;ex\u00e9cutif \u00bb, insiste Cyril Nauth, maire (RN) de Mantes-la-Ville, qui a fait le d\u00e9placement \u00ab pour soutenir M. Caffin \u00bb, le maire (DVD) de Brueil-en-Vexin, \u00e0 l&rsquo;origine de ce rassemblement. \u00ab On sollicite l&rsquo;avis des \u00e9lus communautaires sur le projet de carri\u00e8res, une majorit\u00e9 s&rsquo;est exprim\u00e9e contre l&rsquo;extension mais finalement, on n&rsquo;en tient pas compte. On se demande \u00e0 quoi on sert ! \u00bb, peste-t-il.<\/p>\n<p>Le pr\u00e9sident de la f\u00e9d\u00e9ration des parcs naturels r\u00e9gionaux de France, Micha\u00ebl Weber, regrette \u00e9galement \u00ab le manque de d\u00e9bat \u00bb sur ce dossier. \u00ab En dehors de l&rsquo;\u00e9vocation de la carri\u00e8re dans la charte \u00e0 la cr\u00e9ation du PNR du Vexin en 1995, il n&rsquo;y a pas eu de concertation avec le PNR dans cette affaire \u00bb, s&rsquo;\u00e9tonne-t-il.<br \/>\n<strong><br \/>\nUn nouveau rassemblement \u00ab d&rsquo;envergure \u00bb pr\u00e9vu les 6 et 7 juillet<\/strong><\/p>\n<p>Le projet a \u00e9t\u00e9 valid\u00e9 par deux arr\u00eat\u00e9s minist\u00e9riels. La premi\u00e8re phase pr\u00e9voit ainsi une emprise de 104 ha sur Brueil-en-Vexin, soit 1\/3 de la superficie de la commune, sur une dur\u00e9e de trente ans. Le d\u00e9boisement et la pr\u00e9paration du terrain pourraient potentiellement d\u00e9buter dans les mois \u00e0 venir.<\/p>\n<p>\u00ab On a ramen\u00e9 les d\u00e9lib\u00e9rations des conseils municipaux de toutes les communes, toutes les contributions donn\u00e9es dans le cadre de l&rsquo;enqu\u00eate publique et 2 300 signatures de soutien apport\u00e9es lors du Grand d\u00e9bat national \u00bb, pr\u00e9cise Bruno Caffin, conscient que son \u00ab action reste tr\u00e8s symbolique \u00bb.<\/p>\n<p>Une d\u00e9l\u00e9gation compos\u00e9e des maires de Sailly, Fontenay-Saint-P\u00e8re et Brueil-en-Vexin, de la conseill\u00e8re r\u00e9gionale (EELV) Ghislaine Sen\u00e9e, du d\u00e9put\u00e9 europ\u00e9en (EELV) Mounir Satouri, d\u00e9put\u00e9 europ\u00e9en (EELV), du d\u00e9put\u00e9 (LR) Michel Vialay, de la conseill\u00e8re d\u00e9partementale (LR) C\u00e9cile Dumoulin et de Micha\u00ebl Weber a \u00e9t\u00e9 re\u00e7ue par un conseiller du ministre.<\/p>\n<p>\u00ab Il nous a poliment \u00e9cout\u00e9s, c&rsquo;\u00e9tait un \u00e9change o\u00f9 chacun a donn\u00e9 ses arguments mais il n&rsquo;y a pas eu de vrai dialogue, regrette Mounir Satouri. Ce sujet est un sujet national voire europ\u00e9en qui rassemble des \u00e9lus de tous bords politiques. Nous ne nous laisserons pas faire. \u00bb<\/p>\n<p>Autre article de France Bleu : P<a href=\"https:\/\/www.francebleu.fr\/infos\/climat-environnement\/paris-des-maires-d-ile-de-france-se-reunissent-devant-le-ministere-de-l-ecologie-contre-le-cimentier-1561650701?fbclid=IwAR089IBFwTsFfRSuiA9taCcyGJvvyDGwbjFJGZ6o_22R845IUFSZILBoHu\">aris : des maires d&rsquo;Ile-de-France se r\u00e9unissent devant le minist\u00e8re de l&rsquo;Ecologie contre le cimentier Calcia <\/a><\/p>\n","protected":false},"excerpt":{"rendered":"<p>Casquette rouge sur la t\u00eate, salopette bleue, \u00ab l&rsquo;enfant embl\u00e9matique \u00bb de la vall\u00e9e de Seine, baptis\u00e9 R\u00e9mi, est venu manifester avec une trentaine d&rsquo;\u00e9lus des Yvelines et du Val-d&rsquo;Oise devant le minist\u00e8re de la transition \u00e9cologique (Paris VIIe), ce jeudi. \u00ab C&rsquo;est un mannequin en plastique qui a un flacon de Ventoline. Il symbolise [&hellip;]<\/p>\n","protected":false},"author":1,"featured_media":0,"comment_status":"closed","ping_status":"open","sticky":false,"template":"","format":"standard","meta":{"footnotes":""},"categories":[51],"tags":[],"class_list":["post-1122","post","type-post","status-publish","format-standard","hentry","category-sinformer"],"_links":{"self":[{"href":"https:\/\/www.avl3c.org\/vexinzone109\/wp-json\/wp\/v2\/posts\/1122","targetHints":{"allow":["GET"]}}],"collection":[{"href":"https:\/\/www.avl3c.org\/vexinzone109\/wp-json\/wp\/v2\/posts"}],"about":[{"href":"https:\/\/www.avl3c.org\/vexinzone109\/wp-json\/wp\/v2\/types\/post"}],"author":[{"embeddable":true,"href":"https:\/\/www.avl3c.org\/vexinzone109\/wp-json\/wp\/v2\/users\/1"}],"replies":[{"embeddable":true,"href":"https:\/\/www.avl3c.org\/vexinzone109\/wp-json\/wp\/v2\/comments?post=1122"}],"version-history":[{"count":1,"href":"https:\/\/www.avl3c.org\/vexinzone109\/wp-json\/wp\/v2\/posts\/1122\/revisions"}],"predecessor-version":[{"id":2383,"href":"https:\/\/www.avl3c.org\/vexinzone109\/wp-json\/wp\/v2\/posts\/1122\/revisions\/2383"}],"wp:attachment":[{"href":"https:\/\/www.avl3c.org\/vexinzone109\/wp-json\/wp\/v2\/media?parent=1122"}],"wp:term":[{"taxonomy":"category","embeddable":true,"href":"https:\/\/www.avl3c.org\/vexinzone109\/wp-json\/wp\/v2\/categories?post=1122"},{"taxonomy":"post_tag","embeddable":true,"href":"https:\/\/www.avl3c.org\/vexinzone109\/wp-json\/wp\/v2\/tags?post=1122"}],"curies":[{"name":"wp","href":"https:\/\/api.w.org\/{rel}","templated":true}]}}