{"id":1131,"date":"2019-08-12T17:08:36","date_gmt":"2019-08-12T15:08:36","guid":{"rendered":"https:\/\/www.avl3c.org\/vexinzone109\/?p=1131"},"modified":"2024-11-12T16:30:45","modified_gmt":"2024-11-12T15:30:45","slug":"val-doise-carrieres-calcia-les-jeunes-agriculteurs-du-vexin-inquiets","status":"publish","type":"post","link":"https:\/\/www.avl3c.org\/vexinzone109\/val-doise-carrieres-calcia-les-jeunes-agriculteurs-du-vexin-inquiets\/","title":{"rendered":"Val-d\u2019Oise. Carri\u00e8res Calcia : les jeunes agriculteurs du Vexin inquiets"},"content":{"rendered":"<p>Les agriculteurs entendent lutter contre l&rsquo;exploitation par le cimentier Calcia de 109 hectares sur la commune de Breuil-en-Vexin (Yvelines).<\/p>\n<p><img loading=\"lazy\" decoding=\"async\" class=\"alignnone wp-image-1137 size-full\" src=\"https:\/\/www.avl3c.org\/vexinzone109\/wp-content\/uploads\/2019\/08\/png_image.png\" alt=\"\" width=\"1002\" height=\"649\" srcset=\"https:\/\/www.avl3c.org\/vexinzone109\/wp-content\/uploads\/2019\/08\/png_image.png 1002w, https:\/\/www.avl3c.org\/vexinzone109\/wp-content\/uploads\/2019\/08\/png_image-300x194.png 300w, https:\/\/www.avl3c.org\/vexinzone109\/wp-content\/uploads\/2019\/08\/png_image-768x497.png 768w\" sizes=\"auto, (max-width: 1002px) 100vw, 1002px\" \/><\/p>\n<p>Un gros coup derri\u00e8re la t\u00eate pour les riverains, les maires des communes environnantes, le Parc naturel r\u00e9gional du Vexin fran\u00e7ais, mais aussi pour les jeunes agriculteurs \u00cele-de-France Ouest.<\/p>\n<p>Le 18 juin dernier, l\u2019\u00c9tat a attribu\u00e9 au cimentier Calcia le permis exclusif d\u2019exploiter, durant dix ans, 109 hectares sur la commune de Breuil-en-Vexin (Yvelines), \u00e0 quelques encablures de Seraincourt, Fr\u00e9mainville ou Saint-Cyr-en-Arthies (Val-d\u2019Oise).<\/p>\n<p>Lire aussi : Yvelines. Projet de carri\u00e8re \u00e0 Brueil-en-Vexin : d\u00e9cision finale \u00e0 l\u2019\u00e9t\u00e9<\/p>\n<p>D\u00e8s le 24 juin, le Pnr, par la voix de son pr\u00e9sident Marc Giroud, contre-attaquait. Le Pnr d\u00e9cidait donc \u00e0 l\u2019unanimit\u00e9 d\u2019engager plusieurs recours juridiques contre le projet d\u2019extension des carri\u00e8res \u00e0 Brueil-en-Vexin, par la soci\u00e9t\u00e9 Ciments Calcia. Jeudi 27 juin, une trentaine d\u2019\u00e9lus du Mantois, dans les Yvelines, avaient exprim\u00e9 leur col\u00e8re devant le minist\u00e8re de la Transition \u00e9cologique.<br \/>\n\u00ab Ce n\u2019est qu\u2019un d\u00e9but \u00bb<\/p>\n<p>Aujourd\u2019hui, ce sont les jeunes agriculteurs \u00cele-de-France ouest qui manifestent leur opposition au projet.<\/p>\n<p>Cette d\u00e9cision fait donc \u00e9tat de la totale ignorance de la position de refus du monde agricole, des associations environnementales, du Parc naturel r\u00e9gional de Vexin, mais surtout des maires des communes voisines et de nombreux \u00e9lus toujours mobilis\u00e9s contre ce projet \u00bb, estiment les jeunes agriculteurs.<\/p>\n<p>Pour ces derniers, cette tranche n\u2019est qu\u2019une premi\u00e8re \u00e9tape pour le cimentier qui compte exploiter de nouvelles surfaces.<\/p>\n<p>Depuis plus de trente ans, le monde agricole vit sous la menace de voir dispara\u00eetre ces terres, condamnant tout projet d\u2019installation viable sur un territoire qui a pourtant besoin de nouvelles installations en agriculture. Ceci n\u2019est plus supportable dans un contexte o\u00f9 l\u2019\u00e9quivalent d\u2019un d\u00e9partement dispara\u00eet chaque ann\u00e9e sous le b\u00e9ton. \u00bb<\/p>\n<p>\u00ab Nous ne pouvons plus tol\u00e9rer l\u2019incoh\u00e9rence \u00bb<\/p>\n<p>C\u2019est pourquoi, malgr\u00e9 l\u2019annonce de mesures en faveur de la biodiversit\u00e9, de l\u2019environnement et des terres agricoles, la profession reste sceptique quant \u00e0 une r\u00e9elle restitution au monde agricole de la perte \u00e9norme engag\u00e9e.<\/p>\n<p>Face aux projets immobiliers, de nouvelles lignes ferroviaires, de nouveaux parcs de loisirs qui vont encore amputer les terres agricoles, nous ne pouvons plus tol\u00e9rer l\u2019incoh\u00e9rence entre les actes et les discours. \u00bb<\/p>\n<p>Et de poursuivre :<\/p>\n<p>L\u2019installation de jeunes agriculteurs-trices sur nos territoires est de plus en plus compromise par des projets de la sorte. Nous ne pouvons accepter l\u2019hypocrisie d\u2019une politique qui souhaite voir installer de nouveaux agriculteurs et qui s\u2019en d\u00e9fausse sur le premier des crit\u00e8res : l\u2019acc\u00e8s au foncier. \u00bb<\/p>\n<p>C\u2019est dit ! Les agriculteurs sont pr\u00eats \u00e0 se d\u00e9fendre et \u00e0 cultiver un esprit de lutte.<\/p>\n","protected":false},"excerpt":{"rendered":"<p>Les agriculteurs entendent lutter contre l&rsquo;exploitation par le cimentier Calcia de 109 hectares sur la commune de Breuil-en-Vexin (Yvelines). Un gros coup derri\u00e8re la t\u00eate pour les riverains, les maires des communes environnantes, le Parc naturel r\u00e9gional du Vexin fran\u00e7ais, mais aussi pour les jeunes agriculteurs \u00cele-de-France Ouest. Le 18 juin dernier, l\u2019\u00c9tat a attribu\u00e9 [&hellip;]<\/p>\n","protected":false},"author":1,"featured_media":0,"comment_status":"closed","ping_status":"open","sticky":false,"template":"","format":"standard","meta":{"footnotes":""},"categories":[51],"tags":[],"class_list":["post-1131","post","type-post","status-publish","format-standard","hentry","category-sinformer"],"_links":{"self":[{"href":"https:\/\/www.avl3c.org\/vexinzone109\/wp-json\/wp\/v2\/posts\/1131","targetHints":{"allow":["GET"]}}],"collection":[{"href":"https:\/\/www.avl3c.org\/vexinzone109\/wp-json\/wp\/v2\/posts"}],"about":[{"href":"https:\/\/www.avl3c.org\/vexinzone109\/wp-json\/wp\/v2\/types\/post"}],"author":[{"embeddable":true,"href":"https:\/\/www.avl3c.org\/vexinzone109\/wp-json\/wp\/v2\/users\/1"}],"replies":[{"embeddable":true,"href":"https:\/\/www.avl3c.org\/vexinzone109\/wp-json\/wp\/v2\/comments?post=1131"}],"version-history":[{"count":2,"href":"https:\/\/www.avl3c.org\/vexinzone109\/wp-json\/wp\/v2\/posts\/1131\/revisions"}],"predecessor-version":[{"id":1143,"href":"https:\/\/www.avl3c.org\/vexinzone109\/wp-json\/wp\/v2\/posts\/1131\/revisions\/1143"}],"wp:attachment":[{"href":"https:\/\/www.avl3c.org\/vexinzone109\/wp-json\/wp\/v2\/media?parent=1131"}],"wp:term":[{"taxonomy":"category","embeddable":true,"href":"https:\/\/www.avl3c.org\/vexinzone109\/wp-json\/wp\/v2\/categories?post=1131"},{"taxonomy":"post_tag","embeddable":true,"href":"https:\/\/www.avl3c.org\/vexinzone109\/wp-json\/wp\/v2\/tags?post=1131"}],"curies":[{"name":"wp","href":"https:\/\/api.w.org\/{rel}","templated":true}]}}