{"id":1495,"date":"2020-01-13T20:54:14","date_gmt":"2020-01-13T19:54:14","guid":{"rendered":"https:\/\/www.avl3c.org\/vexinzone109\/?p=1495"},"modified":"2024-11-12T16:30:16","modified_gmt":"2024-11-12T15:30:16","slug":"communique-du-13-janvier-2020","status":"publish","type":"post","link":"https:\/\/www.avl3c.org\/vexinzone109\/communique-du-13-janvier-2020\/","title":{"rendered":"Communiqu\u00e9 du 13 Janvier 2020 :"},"content":{"rendered":"\n<p>Bonjour,<\/p>\n\n\n\n<p><br>Depuis la mi-d\u00e9cembre, les coups de th\u00e9\u00e2tre et \u00e9volutions rapides du dossier carri\u00e8re et cimenterie s\u2019enchainent.  <br>L&rsquo;abandon du projet devient possible. Nous nous r\u00e9jouissons de ces avanc\u00e9es, tout en observant ces rebondissements parfois rocambolesques avec circonspection. <\/p>\n\n\n\n<p><br>&#8211; Mardi 17 d\u00e9cembre : Calcia annonce le transfert du si\u00e8ge de Guerville vers Nanterre (92), avec d\u00e9placement de 250 salari\u00e9s sur 370.<\/p>\n\n\n\n<p><br> &#8211; Vendredi 20 d\u00e9cembre : Le Pr\u00e9fet Jean-Jacques BROT convoque Bruno Pillon, le nouveau PDG de Heidelbergcement France.<br>Celui-ci signale ne pas voir de contradiction \u00e0 quitter Guerville tout en maintenant l&rsquo;extension de carri\u00e8re. Fureur de Pierre B\u00e9dier, pr\u00e9sident du d\u00e9partement.<\/p>\n\n\n\n<p><br>&#8211; Lundi 23 d\u00e9cembre : Le Pr\u00e9fet prend un arr\u00eat\u00e9 de mise en demeure obligeant l&rsquo;industriel \u00e0 revoir les conditions de stockage de mati\u00e8res dangereuses et ses \u00e9missions de polluants sur le site de la cimenterie de Gargenville. Un autre arr\u00eat\u00e9 de mise en demeure pour la pose de filtres efficaces serait bient\u00f4t publi\u00e9.<\/p>\n\n\n\n<p><br> &#8211; Jeudi 9 janvier : Pierre B\u00e9dier, lors d&rsquo;une r\u00e9union cantonale, d\u00e9clare envisager de s&rsquo;opposer \u00e0 tout projet de carri\u00e8res.<\/p>\n\n\n\n<p><br>&#8211; Jeudi 9 Janvier: La R\u00e9gion Ile de France, par la voix de sa pr\u00e9sidente, Val\u00e9rie P\u00e9cresse, s&rsquo;oppose officiellement au projet et annonce son intention de bloquer le projet de carri\u00e8re.<\/p>\n\n\n\n<p><a href=\"http:\/\/Voir article Le Parisien : http:\/\/www.leparisien.fr\/yvelines-78\/extension-des-carrieres-du-vexin-a-quoi-joue-calcia-09-01-2020-8232525.php\" target=\"_blank\" rel=\"noreferrer noopener\" aria-label=\" (s\u2019ouvre dans un nouvel onglet)\"><br>Voir article Le Parisien : http:\/\/www.leparisien.fr\/yvelines-78\/extension-des-carrieres-du-vexin-a-quoi-joue-calcia-09-01-2020-8232525.php<\/a><\/p>\n\n\n\n<p><br>&#8211; Vendredi 10 janvier : Alexandra Dublanche, Vice-pr\u00e9sidente de la r\u00e9gion, dit non aux carri\u00e8res.<\/p>\n\n\n\n<p><br> &#8211; Samedi 11 janvier : Conf\u00e9rence de Presse sur le dossier Calcia, Pierre B\u00e9dier d\u00e9nonce \u00a0\u00bb une trahison men\u00e9e par des patrons voyous\u00a0\u00bb.<br>Il donne un \u00ab\u00a0ultimatum\u00a0\u00bb \u00e0 l\u2019industriel, qui doit s&rsquo;engager par \u00e9crit, avant jeudi 16 Janvier 2020 16 H , \u00e0 laisser son si\u00e8ge \u00e0 Guerville et \u00e0 r\u00e9nover l&rsquo;usine !<\/p>\n\n\n\n<p><br>Dans cette allocution, Sophie PRIMAS enterre d\u00e9finitivement le projet de CALCIA (<a href=\"https:\/\/www.tv78.com\/yvelines-departement-durcit-ton-face-calcia\/\" target=\"_blank\" rel=\"noreferrer noopener\" aria-label=\" (s\u2019ouvre dans un nouvel onglet)\">vid\u00e9o<\/a>)<\/p>\n\n\n\n<p><br> &#8211; Jeudi 16 janvier 16h, d\u00e9butera la <strong>R\u00e9union Communautaire de GPS&amp;O<\/strong>, o\u00f9 doit \u00eatre vot\u00e9 le PLUI (plan local d&rsquo;urbanisme intercommunal).<br>En cas de non-r\u00e9ponse ou de r\u00e9ponse n\u00e9gative, Pierre B\u00e9dier proposera d&rsquo;engager la r\u00e9vision du PLUI pour emp\u00eacher l&rsquo;extension de la carri\u00e8re.<\/p>\n\n\n\n<p>La pression monte :  <a href=\"http:\/\/www.leparisien.fr\/yvelines-78\/exploitation-de-carrieres-dans-le-vexin-la-pression-monte-sur-calcia-12-01-2020-8234427.php\" target=\"_blank\" rel=\"noreferrer noopener\" aria-label=\" (s\u2019ouvre dans un nouvel onglet)\">http:\/\/www.leparisien.fr\/yvelines-78\/exploitation-de-carrieres-dans-le-vexin-la-pression-monte-sur-calcia-12-01-2020-8234427.php<\/a><\/p>\n\n\n\n<p><br>&#8211; Jeudi 23 Janvier : L&rsquo;un de nos (nombreux) recours juridiques sur le PIG, (projet d&rsquo;int\u00e9r\u00eat g\u00e9n\u00e9ral qui permet au projet de carri\u00e8re de se faire \u00e0 tout prix) passe en jugement en appel.<br>L&rsquo;annulation serait un point d\u00e9cisif.<\/p>\n\n\n\n<p>\u00c0 suivre&#8230;<\/p>\n\n\n\n<p><br>Pour le moment: si vous pouvez vous rendre disponibles,  venez participer \u00e0 une nouvelle \u00ab\u00a0manif de parking\u00a0\u00bb devant la salle des f\u00eates de Gargenville Jeudi 16 janvier, \u00e0 15h15 <em>(Place du 8 Mai 1945, Gargenville)<\/em><\/p>\n\n\n\n<p><br>Montrons-nous une fois encore avec nos slogans et nos tee-shirts.<br>Nous sommes oppos\u00e9s \u00e0 ce projet qui s&rsquo;est maintenu contre toute rationalit\u00e9 au d\u00e9triment des populations.<\/p>\n\n\n\n<p><br>Nous nous battons pour un autre d\u00e9veloppement \u00e9conomique, respectueux de l&rsquo;environnement et de la sant\u00e9 des populations.<br>Oui, plus que jamais nous revendiquons un autre avenir pour la r\u00e9gion.<br>Rendez vous jeudi 15h15 \u00e0 Gargenville, merci d\u2019\u00eatre nombreux !<\/p>\n\n\n\n<blockquote class=\"wp-block-quote is-layout-flow wp-block-quote-is-layout-flow\"><p><em>Retrouvez l&rsquo;ensemble des derniers articles dans la rubrique <a href=\"https:\/\/www.avl3c.org\/vexinzone109\/reportages\/\">Reportages &amp; M\u00e9dias<\/a>.<\/em><\/p><\/blockquote>\n\n\n\n<p><br><em>Dominique P\u00e9legrin &amp; Le Bureau de l\u2019AVL3C-Vexin Zone 109<\/em><\/p>\n","protected":false},"excerpt":{"rendered":"<p>Bonjour, Depuis la mi-d\u00e9cembre, les coups de th\u00e9\u00e2tre et \u00e9volutions rapides du dossier carri\u00e8re et cimenterie s\u2019enchainent. L&rsquo;abandon du projet devient possible. Nous nous r\u00e9jouissons de ces avanc\u00e9es, tout en observant ces rebondissements parfois rocambolesques avec circonspection. &#8211; Mardi 17 d\u00e9cembre : Calcia annonce le transfert du si\u00e8ge de Guerville vers Nanterre (92), avec d\u00e9placement [&hellip;]<\/p>\n","protected":false},"author":2,"featured_media":0,"comment_status":"closed","ping_status":"open","sticky":false,"template":"","format":"standard","meta":{"footnotes":""},"categories":[51],"tags":[],"class_list":["post-1495","post","type-post","status-publish","format-standard","hentry","category-sinformer"],"_links":{"self":[{"href":"https:\/\/www.avl3c.org\/vexinzone109\/wp-json\/wp\/v2\/posts\/1495","targetHints":{"allow":["GET"]}}],"collection":[{"href":"https:\/\/www.avl3c.org\/vexinzone109\/wp-json\/wp\/v2\/posts"}],"about":[{"href":"https:\/\/www.avl3c.org\/vexinzone109\/wp-json\/wp\/v2\/types\/post"}],"author":[{"embeddable":true,"href":"https:\/\/www.avl3c.org\/vexinzone109\/wp-json\/wp\/v2\/users\/2"}],"replies":[{"embeddable":true,"href":"https:\/\/www.avl3c.org\/vexinzone109\/wp-json\/wp\/v2\/comments?post=1495"}],"version-history":[{"count":1,"href":"https:\/\/www.avl3c.org\/vexinzone109\/wp-json\/wp\/v2\/posts\/1495\/revisions"}],"predecessor-version":[{"id":1496,"href":"https:\/\/www.avl3c.org\/vexinzone109\/wp-json\/wp\/v2\/posts\/1495\/revisions\/1496"}],"wp:attachment":[{"href":"https:\/\/www.avl3c.org\/vexinzone109\/wp-json\/wp\/v2\/media?parent=1495"}],"wp:term":[{"taxonomy":"category","embeddable":true,"href":"https:\/\/www.avl3c.org\/vexinzone109\/wp-json\/wp\/v2\/categories?post=1495"},{"taxonomy":"post_tag","embeddable":true,"href":"https:\/\/www.avl3c.org\/vexinzone109\/wp-json\/wp\/v2\/tags?post=1495"}],"curies":[{"name":"wp","href":"https:\/\/api.w.org\/{rel}","templated":true}]}}