{"id":1516,"date":"2020-01-20T16:38:11","date_gmt":"2020-01-20T15:38:11","guid":{"rendered":"https:\/\/www.avl3c.org\/vexinzone109\/?p=1516"},"modified":"2024-11-12T16:30:16","modified_gmt":"2024-11-12T15:30:16","slug":"communique-du-20-janvier-2020","status":"publish","type":"post","link":"https:\/\/www.avl3c.org\/vexinzone109\/communique-du-20-janvier-2020\/","title":{"rendered":"Communiqu\u00e9 du 20 Janvier 2020 :"},"content":{"rendered":"\n<p>Chers amis, chers adh\u00e9rents,<\/p>\n\n\n\n<p> <br>Nous \u00e9tions environ <a href=\"https:\/\/youtu.be\/WzhGRZAy1LY\">soixante-dix personnes pr\u00e9sentes<\/a> \u00e0 la manif de parking devant la salle des f\u00eates de Gargenville jeudi dernier, pour accueillir les \u00e9lus  et assister, pour certains d\u2019entre nous, au conseil communautaire de GPS&amp;O.<br>Merci \u00e0 ceux d\u2019entre vous qui, r\u00e9guli\u00e8rement, ont fait l\u2019effort de se rendre disponibles, c\u2019est tr\u00e8s important. <\/p>\n\n\n\n<p><br>Vote sans probl\u00e8me du PLUI, et  adoption d\u2019une motion de Pierre  B\u00e9dier demandant \u00e0 l\u2019\u00c9tat de revenir sur l\u2019autorisation de carri\u00e8re d\u00e9livr\u00e9e \u00e0 CALCIA en juin 2019 (quasi unanimit\u00e9, avec 107 voix pour, 2 contre et  6 abstentions)<\/p>\n\n\n\n<p> <br>Le discours de Pierre B\u00e9dier:<\/p>\n\n\n\n<p><a href=\"https:\/\/youtu.be\/WzhGRZAy1LY\">https:\/\/youtu.be\/WzhGRZAy1LY<\/a> <br><\/p>\n\n\n\n<p>Un article parmi tant d&rsquo;autres, lien ci-dessous, donne un bon r\u00e9sum\u00e9 de ce qui s\u2019est pass\u00e9: <\/p>\n\n\n\n<p><br><a href=\"https:\/\/actu.fr\/ile-de-france\/gargenville_78267\/yvelines-pierre-bedier-part-guerre-contre-cimentiers_30839672.html\">https:\/\/actu.fr\/ile-de-france\/gargenville_78267\/yvelines-pierre-bedier-part-guerre-contre-cimentiers_30839672.html<\/a><\/p>\n\n\n\n<p><br>\u00c9galement, un article du Moniteur <em>(lecture compl\u00e8te r\u00e9serv\u00e9e aux abonn\u00e9s)<\/em>, en date du 17 janvier 2020. Nous y apportons une petite correction, tr\u00e8s majoritairement les \u00e9lus \u00e9taient contre, seuls Pierre B\u00e9dier et Philippe Tautou y \u00e9taient favorables et viennent de changer brusquement d&rsquo;avis:<\/p>\n\n\n\n<p><br><a href=\"https:\/\/www.lemoniteur.fr\/article\/yvelines-se-sentant-trahis-les-elus-demandent-a-l-etat-de-stopper-le-projet-de-carriere-de-calcia.2071129\">https:\/\/www.lemoniteur.fr\/article\/yvelines-se-sentant-trahis-les-elus-demandent-a-l-etat-de-stopper-le-projet-de-carriere-de-calcia.2071129<\/a><\/p>\n\n\n\n<p><br>Le conseil d\u00e9partemental va adopter la m\u00eame position et la pr\u00e9sidente de la r\u00e9gion Ile-de-France Val\u00e9rie P\u00e9cresse (Soyons Libres) r\u00e9clame aussi l\u2019arr\u00eat du projet. Le pr\u00e9sident du Parc Naturel R\u00e9gional du Vexin, les maires et riverains trouvent donc d\u00e9sormais des soutiens de poids auxquels ils ne s\u2019attendaient pas. <\/p>\n\n\n\n<p><br>De son c\u00f4t\u00e9 le Pr\u00e9fet s\u2019inqui\u00e8te de la pollution de l\u2019air g\u00e9n\u00e9r\u00e9e par l\u2019usine, rompant brusquement avec le laxisme que d\u00e9nonce notre association depuis plus de cinq ans. <br>Nous nous r\u00e9jouissons de ce qui ressemble \u00e0 une unanimit\u00e9 contre les projets de carri\u00e8re et de maintien de la cimenterie, class\u00e9e dans les dix \u00e9tablissements les plus polluants d\u2019Ile-de-France.<\/p>\n\n\n\n<p><br>Mais nous notons que \u00ab\u00a0l\u2019arrangement\u00a0\u00bb entre le d\u00e9partement, l\u2019industriel et les pr\u00e9fets successifs, ignor\u00e9 de tous, t\u00e9moigne d\u2019un m\u00e9pris grave pour les riverains de l\u2019usine et leur sant\u00e9, ainsi que pour les salari\u00e9s de la cimenterie. (Les seuls bons emplois \u00e9taient ceux des cadres de Guerville. Le si\u00e8ge social rapportait un million d\u2019euros \u00e0 GPS&amp;O.)<br>R\u00e9servons nos jugements pour plus tard.<\/p>\n\n\n\n<p><br>L&rsquo;aventure ne s\u2019arr\u00eate pas l\u00e0 mais nous esp\u00e9rons vivre son \u00e9pilogue rapidement. <br>Nous allons surveiller la suite avec vigilance\u2026 <\/p>\n\n\n\n<p> <br>Prochain \u00e9pisode important: <br>A partir de jeudi prochain 23 Janvier 2020, en appel, le Tribunal Administratif de Versailles rendra son jugement sur le PIG (projet d\u2019int\u00e9r\u00eat g\u00e9n\u00e9ral) demand\u00e9 par l\u2019industriel en 2015. <\/p>\n\n\n\n<blockquote class=\"wp-block-quote is-layout-flow wp-block-quote-is-layout-flow\"><p>Pensez tous \u00e0 renouveler votre adh\u00e9sion, la force de l\u2019association c\u2019est nous tous, il faut rester nombreux et motiv\u00e9s jusqu\u2019\u00e0 la victoire, et \u00e7a va prendre encore (un peu, beaucoup?) de temps.<\/p><\/blockquote>\n\n\n\n<p><br>Merci \u00e0 vous.<\/p>\n\n\n\n<p><br>Le Conseil de l\u2019AVL3C &#8211; Vexin Zone 109<\/p>\n","protected":false},"excerpt":{"rendered":"<p>Chers amis, chers adh\u00e9rents, Nous \u00e9tions environ soixante-dix personnes pr\u00e9sentes \u00e0 la manif de parking devant la salle des f\u00eates de Gargenville jeudi dernier, pour accueillir les \u00e9lus et assister, pour certains d\u2019entre nous, au conseil communautaire de GPS&amp;O.Merci \u00e0 ceux d\u2019entre vous qui, r\u00e9guli\u00e8rement, ont fait l\u2019effort de se rendre disponibles, c\u2019est tr\u00e8s important. [&hellip;]<\/p>\n","protected":false},"author":1,"featured_media":0,"comment_status":"closed","ping_status":"open","sticky":false,"template":"","format":"standard","meta":{"footnotes":""},"categories":[51],"tags":[],"class_list":["post-1516","post","type-post","status-publish","format-standard","hentry","category-sinformer"],"_links":{"self":[{"href":"https:\/\/www.avl3c.org\/vexinzone109\/wp-json\/wp\/v2\/posts\/1516","targetHints":{"allow":["GET"]}}],"collection":[{"href":"https:\/\/www.avl3c.org\/vexinzone109\/wp-json\/wp\/v2\/posts"}],"about":[{"href":"https:\/\/www.avl3c.org\/vexinzone109\/wp-json\/wp\/v2\/types\/post"}],"author":[{"embeddable":true,"href":"https:\/\/www.avl3c.org\/vexinzone109\/wp-json\/wp\/v2\/users\/1"}],"replies":[{"embeddable":true,"href":"https:\/\/www.avl3c.org\/vexinzone109\/wp-json\/wp\/v2\/comments?post=1516"}],"version-history":[{"count":2,"href":"https:\/\/www.avl3c.org\/vexinzone109\/wp-json\/wp\/v2\/posts\/1516\/revisions"}],"predecessor-version":[{"id":1518,"href":"https:\/\/www.avl3c.org\/vexinzone109\/wp-json\/wp\/v2\/posts\/1516\/revisions\/1518"}],"wp:attachment":[{"href":"https:\/\/www.avl3c.org\/vexinzone109\/wp-json\/wp\/v2\/media?parent=1516"}],"wp:term":[{"taxonomy":"category","embeddable":true,"href":"https:\/\/www.avl3c.org\/vexinzone109\/wp-json\/wp\/v2\/categories?post=1516"},{"taxonomy":"post_tag","embeddable":true,"href":"https:\/\/www.avl3c.org\/vexinzone109\/wp-json\/wp\/v2\/tags?post=1516"}],"curies":[{"name":"wp","href":"https:\/\/api.w.org\/{rel}","templated":true}]}}