{"id":1572,"date":"2020-02-27T13:12:43","date_gmt":"2020-02-27T12:12:43","guid":{"rendered":"https:\/\/www.avl3c.org\/vexinzone109\/?p=1572"},"modified":"2024-11-12T16:30:16","modified_gmt":"2024-11-12T15:30:16","slug":"le-modele-economique-de-heidelbergcement-le-place-dans-un-scenario-de-rechauffement-a-107c-que-les-ambitions-climatiques-du-cimentier-ne-parviennent-a-ramener-qua-103c","status":"publish","type":"post","link":"https:\/\/www.avl3c.org\/vexinzone109\/le-modele-economique-de-heidelbergcement-le-place-dans-un-scenario-de-rechauffement-a-107c-que-les-ambitions-climatiques-du-cimentier-ne-parviennent-a-ramener-qua-103c\/","title":{"rendered":"Le mod\u00e8le \u00e9conomique de HeidelbergCement le place dans un sc\u00e9nario de r\u00e9chauffement \u00e0 10,7\u00b0C que les ambitions climatiques du cimentier ne parviennent \u00e0 ramener qu\u2019\u00e0 10,3\u00b0C"},"content":{"rendered":"\n<figure class=\"wp-block-image size-large\"><a href=\"https:\/\/www.novethic.fr\/actualite\/finance-durable\/isr-rse\/rechauffement-climatique-les-grands-groupes-allemands-font-monter-la-temperature-a-5-degres-148263.html\" target=\"_blank\" rel=\"noreferrer noopener\"><img loading=\"lazy\" decoding=\"async\" width=\"445\" height=\"1024\" src=\"https:\/\/www.avl3c.org\/vexinzone109\/wp-content\/uploads\/2020\/02\/Article_NOVETHIC_27_02_2020-445x1024.png\" alt=\"\" class=\"wp-image-1573\" srcset=\"https:\/\/www.avl3c.org\/vexinzone109\/wp-content\/uploads\/2020\/02\/Article_NOVETHIC_27_02_2020-445x1024.png 445w, https:\/\/www.avl3c.org\/vexinzone109\/wp-content\/uploads\/2020\/02\/Article_NOVETHIC_27_02_2020-130x300.png 130w, https:\/\/www.avl3c.org\/vexinzone109\/wp-content\/uploads\/2020\/02\/Article_NOVETHIC_27_02_2020-768x1766.png 768w, https:\/\/www.avl3c.org\/vexinzone109\/wp-content\/uploads\/2020\/02\/Article_NOVETHIC_27_02_2020-668x1536.png 668w, https:\/\/www.avl3c.org\/vexinzone109\/wp-content\/uploads\/2020\/02\/Article_NOVETHIC_27_02_2020-891x2048.png 891w, https:\/\/www.avl3c.org\/vexinzone109\/wp-content\/uploads\/2020\/02\/Article_NOVETHIC_27_02_2020-900x2069.png 900w, https:\/\/www.avl3c.org\/vexinzone109\/wp-content\/uploads\/2020\/02\/Article_NOVETHIC_27_02_2020.png 990w\" sizes=\"auto, (max-width: 445px) 100vw, 445px\" \/><\/a><figcaption><em>Article paru sur <a href=\"https:\/\/www.novethic.fr\/actualite\/finance-durable\/isr-rse\/rechauffement-climatique-les-grands-groupes-allemands-font-monter-la-temperature-a-5-degres-148263.html\">NOVETHIC<\/a> le 27 F\u00e9vrier 2020<\/em><\/figcaption><\/figure>\n","protected":false},"excerpt":{"rendered":"","protected":false},"author":1,"featured_media":0,"comment_status":"closed","ping_status":"open","sticky":false,"template":"","format":"standard","meta":{"footnotes":""},"categories":[51],"tags":[72,63],"class_list":["post-1572","post","type-post","status-publish","format-standard","hentry","category-sinformer","tag-article","tag-ciment"],"_links":{"self":[{"href":"https:\/\/www.avl3c.org\/vexinzone109\/wp-json\/wp\/v2\/posts\/1572","targetHints":{"allow":["GET"]}}],"collection":[{"href":"https:\/\/www.avl3c.org\/vexinzone109\/wp-json\/wp\/v2\/posts"}],"about":[{"href":"https:\/\/www.avl3c.org\/vexinzone109\/wp-json\/wp\/v2\/types\/post"}],"author":[{"embeddable":true,"href":"https:\/\/www.avl3c.org\/vexinzone109\/wp-json\/wp\/v2\/users\/1"}],"replies":[{"embeddable":true,"href":"https:\/\/www.avl3c.org\/vexinzone109\/wp-json\/wp\/v2\/comments?post=1572"}],"version-history":[{"count":1,"href":"https:\/\/www.avl3c.org\/vexinzone109\/wp-json\/wp\/v2\/posts\/1572\/revisions"}],"predecessor-version":[{"id":1574,"href":"https:\/\/www.avl3c.org\/vexinzone109\/wp-json\/wp\/v2\/posts\/1572\/revisions\/1574"}],"wp:attachment":[{"href":"https:\/\/www.avl3c.org\/vexinzone109\/wp-json\/wp\/v2\/media?parent=1572"}],"wp:term":[{"taxonomy":"category","embeddable":true,"href":"https:\/\/www.avl3c.org\/vexinzone109\/wp-json\/wp\/v2\/categories?post=1572"},{"taxonomy":"post_tag","embeddable":true,"href":"https:\/\/www.avl3c.org\/vexinzone109\/wp-json\/wp\/v2\/tags?post=1572"}],"curies":[{"name":"wp","href":"https:\/\/api.w.org\/{rel}","templated":true}]}}