{"id":2057,"date":"2020-11-20T11:23:02","date_gmt":"2020-11-20T10:23:02","guid":{"rendered":"https:\/\/www.avl3c.org\/vexinzone109\/?p=2057"},"modified":"2024-11-12T16:30:15","modified_gmt":"2024-11-12T15:30:15","slug":"communique-de-lavl3c","status":"publish","type":"post","link":"https:\/\/www.avl3c.org\/vexinzone109\/communique-de-lavl3c\/","title":{"rendered":"Communiqu\u00e9 de l&rsquo;AVL3C"},"content":{"rendered":"\n<p><em>Jeudi 19 Novembre 2020<\/em><\/p>\n\n\n\n<blockquote class=\"wp-block-quote is-layout-flow wp-block-quote-is-layout-flow\"><p>Le groupe HeidelbergCement-Calcia, par communiqu\u00e9 de presse, a annonc\u00e9 son <strong>abandon du projet de carri\u00e8re \u00e0 Brueil-en-Vexin<\/strong>.<\/p><cite>article paru dans <a rel=\"noreferrer noopener\" href=\"https:\/\/www.leparisien.fr\/yvelines-78\/yvelines-calcia-abandonne-son-projet-de-carrieres-18-11-2020-8409007.php\" target=\"_blank\">le parisien<\/a> le 18 novembre 2020<\/cite><\/blockquote>\n\n\n\n<p>Chers amis adh\u00e9rents, bonjour,<br><\/p>\n\n\n\n<p>Le groupe HeidelbergCement-Calcia, par communiqu\u00e9 de presse, a annonc\u00e9 son <strong>abandon du projet de carri\u00e8re \u00e0 Brueil-en-Vexin<\/strong>.<br>La&nbsp; fabrication de ciment avec toutes ses nuisances pour les populations s\u2019arr\u00eaterait, et la cimenterie serait transform\u00e9e en centre de broyage.<br><br>C\u2019est une grande victoire, fruit d\u2019un travail collectif consid\u00e9rable.<br>La lutte contre ce projet aberrant \u00e0 tous points de vue durait depuis trente ans\u2026.merci \u00e0 tous ceux qui ont contribu\u00e9 \u00e0 ce succ\u00e8s&nbsp;!<\/p>\n\n\n\n<p><br>Des interrogations demeurent :<\/p>\n\n\n\n<p><br>&nbsp;&#8211; Les modalit\u00e9s de l\u2019arr\u00eat des fours de la cimenterie et de sa reconversion en centre de broyage ne sont pas connues. Elles doivent \u00eatre sans nuisance pour les (nombreux) riverains, et s\u2019inscrire dans la transition \u00e9cologique. transport fluvial et ferroviaire de pr\u00e9f\u00e9rence \u00e0 l\u2019usage de camions.<\/p>\n\n\n\n<p><br>&nbsp;&#8211; Le devenir&nbsp;de la carri\u00e8re de&nbsp;Guitrancourt et de son centre d\u2019enfouissement de d\u00e9chets&nbsp;fait&nbsp;aussi partie du dossier, tout comme l\u2019ancienne carri\u00e8re de Juziers laiss\u00e9e en friche par le cimentier.<\/p>\n\n\n\n<p><br>&nbsp;&#8211; La zone 109 doit \u00eatre supprim\u00e9e par l\u2019\u00c9tat, pour mettre fin d\u00e9finitivement \u00e0 cette histoire d\u2019une autre \u00e9poque.<\/p>\n\n\n\n<p><br>\u00c0 ce jour, donc, nous avons la satisfaction d\u2019avoir en grande partie gagn\u00e9, mais la vigilance reste totale, y compris sur le plan judiciaire.<br>Nous continuerons de travailler avec l\u2019ensemble des \u00e9lus,&nbsp;tr\u00e8s&nbsp;nombreux \u00e0 avoir pris position dans ce dossier.<\/p>\n\n\n\n<p><br>La qualit\u00e9 de l\u2019air et la sant\u00e9,(voir <a href=\"https:\/\/drive.google.com\/drive\/folders\/1bdQ7zEl-dFaSvZXfAlxOvkCvnA1OIT-Z?usp=sharing\" target=\"_blank\" rel=\"noreferrer noopener\">ce dossier<\/a>) l\u2019eau, les terres agricoles et l\u2019emploi, c\u2019est notre affaire \u00e0 tous\u2026. \u00e0 suivre !<\/p>\n\n\n\n<p><br>Nous vous rappelons l\u2019importance de vos adh\u00e9sions pour renforcer l\u2019association.<\/p>\n\n\n\n<p>Le Conseil<\/p>\n\n\n\n<hr class=\"wp-block-separator\"\/>\n\n\n\n<blockquote class=\"wp-block-quote is-layout-flow wp-block-quote-is-layout-flow\"><p>Retrouvez la revue de presse suite \u00e0 cette annonce dans notre rubrique <a href=\"https:\/\/www.avl3c.org\/vexinzone109\/reportages\/\" target=\"_blank\" rel=\"noreferrer noopener\">Reportages &amp; M\u00e9dias<\/a>.<\/p><\/blockquote>\n\n\n\n<hr class=\"wp-block-separator\"\/>\n\n\n\n<figure class=\"wp-block-image size-large\"><a href=\"https:\/\/www.avl3c.org\/vexinzone109\/wp-content\/uploads\/2020\/11\/Communique\u0301-Ciments-Calcia-181120-1-scaled.jpg\" target=\"_blank\" rel=\"noopener noreferrer\"><img loading=\"lazy\" decoding=\"async\" width=\"791\" height=\"1024\" src=\"https:\/\/www.avl3c.org\/vexinzone109\/wp-content\/uploads\/2020\/11\/Communique\u0301-Ciments-Calcia-181120-1-791x1024.jpg\" alt=\"\" class=\"wp-image-2058\" srcset=\"https:\/\/www.avl3c.org\/vexinzone109\/wp-content\/uploads\/2020\/11\/Communique\u0301-Ciments-Calcia-181120-1-791x1024.jpg 791w, https:\/\/www.avl3c.org\/vexinzone109\/wp-content\/uploads\/2020\/11\/Communique\u0301-Ciments-Calcia-181120-1-232x300.jpg 232w, https:\/\/www.avl3c.org\/vexinzone109\/wp-content\/uploads\/2020\/11\/Communique\u0301-Ciments-Calcia-181120-1-768x994.jpg 768w, https:\/\/www.avl3c.org\/vexinzone109\/wp-content\/uploads\/2020\/11\/Communique\u0301-Ciments-Calcia-181120-1-1187x1536.jpg 1187w, https:\/\/www.avl3c.org\/vexinzone109\/wp-content\/uploads\/2020\/11\/Communique\u0301-Ciments-Calcia-181120-1-1583x2048.jpg 1583w, https:\/\/www.avl3c.org\/vexinzone109\/wp-content\/uploads\/2020\/11\/Communique\u0301-Ciments-Calcia-181120-1-900x1165.jpg 900w, https:\/\/www.avl3c.org\/vexinzone109\/wp-content\/uploads\/2020\/11\/Communique\u0301-Ciments-Calcia-181120-1-1280x1656.jpg 1280w, https:\/\/www.avl3c.org\/vexinzone109\/wp-content\/uploads\/2020\/11\/Communique\u0301-Ciments-Calcia-181120-1-scaled.jpg 1978w\" sizes=\"auto, (max-width: 791px) 100vw, 791px\" \/><\/a><\/figure>\n","protected":false},"excerpt":{"rendered":"<p>Jeudi 19 Novembre 2020 Le groupe HeidelbergCement-Calcia, par communiqu\u00e9 de presse, a annonc\u00e9 son abandon du projet de carri\u00e8re \u00e0 Brueil-en-Vexin. article paru dans le parisien le 18 novembre 2020 Chers amis adh\u00e9rents, bonjour, Le groupe HeidelbergCement-Calcia, par communiqu\u00e9 de presse, a annonc\u00e9 son abandon du projet de carri\u00e8re \u00e0 Brueil-en-Vexin.La&nbsp; fabrication de ciment avec [&hellip;]<\/p>\n","protected":false},"author":1,"featured_media":0,"comment_status":"closed","ping_status":"open","sticky":false,"template":"","format":"standard","meta":{"footnotes":""},"categories":[51],"tags":[69],"class_list":["post-2057","post","type-post","status-publish","format-standard","hentry","category-sinformer","tag-communique"],"_links":{"self":[{"href":"https:\/\/www.avl3c.org\/vexinzone109\/wp-json\/wp\/v2\/posts\/2057","targetHints":{"allow":["GET"]}}],"collection":[{"href":"https:\/\/www.avl3c.org\/vexinzone109\/wp-json\/wp\/v2\/posts"}],"about":[{"href":"https:\/\/www.avl3c.org\/vexinzone109\/wp-json\/wp\/v2\/types\/post"}],"author":[{"embeddable":true,"href":"https:\/\/www.avl3c.org\/vexinzone109\/wp-json\/wp\/v2\/users\/1"}],"replies":[{"embeddable":true,"href":"https:\/\/www.avl3c.org\/vexinzone109\/wp-json\/wp\/v2\/comments?post=2057"}],"version-history":[{"count":2,"href":"https:\/\/www.avl3c.org\/vexinzone109\/wp-json\/wp\/v2\/posts\/2057\/revisions"}],"predecessor-version":[{"id":2062,"href":"https:\/\/www.avl3c.org\/vexinzone109\/wp-json\/wp\/v2\/posts\/2057\/revisions\/2062"}],"wp:attachment":[{"href":"https:\/\/www.avl3c.org\/vexinzone109\/wp-json\/wp\/v2\/media?parent=2057"}],"wp:term":[{"taxonomy":"category","embeddable":true,"href":"https:\/\/www.avl3c.org\/vexinzone109\/wp-json\/wp\/v2\/categories?post=2057"},{"taxonomy":"post_tag","embeddable":true,"href":"https:\/\/www.avl3c.org\/vexinzone109\/wp-json\/wp\/v2\/tags?post=2057"}],"curies":[{"name":"wp","href":"https:\/\/api.w.org\/{rel}","templated":true}]}}