{"id":893,"date":"2014-03-01T17:03:00","date_gmt":"2014-03-01T16:03:00","guid":{"rendered":"https:\/\/www.avl3c.org\/vexinzone109\/?p=893"},"modified":"2024-11-12T16:33:54","modified_gmt":"2024-11-12T15:33:54","slug":"nos-statuts","status":"publish","type":"post","link":"https:\/\/www.avl3c.org\/vexinzone109\/nos-statuts\/","title":{"rendered":"NOS STATUTS"},"content":{"rendered":"\n<p><a href=\"https:\/\/www.avl3c.org\/IMG\/pdf\/0_970301_avl3c_statutsavl3c.pdf\" data-type=\"URL\" data-id=\"https:\/\/www.avl3c.org\/IMG\/pdf\/0_970301_avl3c_statutsavl3c.pdf\" target=\"_blank\" rel=\"noreferrer noopener\">Disponible au t\u00e9l\u00e9chargement<\/a><\/p>\n\n\n\n<p><a href=\"https:\/\/www.avl3c.org\/IMG\/pdf\/avl3c_bulletinadhesionrenouvellement_v161129.pdf\" data-type=\"URL\" data-id=\"https:\/\/www.avl3c.org\/IMG\/pdf\/avl3c_bulletinadhesionrenouvellement_v161129.pdf\" target=\"_blank\" rel=\"noreferrer noopener\">Bulletin d&rsquo;adh\u00e9sion<\/a><\/p>\n\n\n<p style=\"margin-bottom: 0.21cm; border-top: none; border-bottom: 4.50pt double #622423; border-left: none; border-right: none; line-height: 100%; padding: 0cm 0cm 0.04cm 0cm;\" align=\"center\"><span style=\"font-family: Cambria, serif;\"><span style=\"font-size: large;\">Statuts modifi\u00e9s de l\u2019association AVL3C (adopt\u00e9s en AGE du<br>1er Mars 1997)<\/span><\/span><\/p>\n<p style=\"margin-bottom: 0.21cm; line-height: 100%;\" align=\"center\"><b>&nbsp;<\/b><\/p>\n<p style=\"margin-bottom: 0.21cm; line-height: 100%;\" align=\"center\"><b>I &#8211; <\/b><u><b>Formation et objet de l&rsquo;Association<\/b><\/u><\/p>\n<p style=\"margin-bottom: 0cm; line-height: 100%;\"><b>Article 1<\/b><\/p>\n<p style=\"margin-bottom: 0.21cm; line-height: 100%;\">Il est form\u00e9 entre les<br>soussign\u00e9s et toutes autres personnes adh\u00e9rant aux pr\u00e9sents statuts, une<br>Association r\u00e9gie par la loi du 1\/07\/1901.<\/p>\n<p style=\"margin-bottom: 0cm; line-height: 100%;\"><b>Article 2<\/b><\/p>\n<p style=\"margin-bottom: 0.21cm; line-height: 100%;\">L&rsquo;association prend la<br>d\u00e9nomination suivante :<\/p>\n<p style=\"margin-bottom: 0.21cm; line-height: 100%;\" align=\"center\"><b>Association Vexinoise de Lutte contre les Carri\u00e8res Cimenti\u00e8res (AVL3C)<\/b><\/p>\n<p style=\"margin-bottom: 0.21cm; line-height: 100%;\">Elle a \u00e9t\u00e9 enregistr\u00e9e \u00e0<br>la sous-pr\u00e9fecture de Mantes la Jolie 78, le 30 octobre 1995, sous le<br>Num\u00e9ro 4875.<\/p>\n<p style=\"margin-bottom: 0cm; line-height: 100%;\"><b>Article 3<\/b><\/p>\n<p style=\"margin-bottom: 0cm; line-height: 100%;\">L&rsquo;Association a pour objet<br>de d\u00e9fendre et de promouvoir le cadre de vie des communes du<\/p>\n<p style=\"margin-bottom: 0.21cm; line-height: 100%;\">Vexin menac\u00e9es par<br>l&rsquo;extension des carri\u00e8res existantes ou la cr\u00e9ation de nouvelles<br>carri\u00e8res, par l&rsquo;extension des d\u00e9charges existantes ou l&rsquo;ouverture de<br>nouvelles d\u00e9charges, ainsi que par toutes les nuisances corr\u00e9latives.<\/p>\n<p style=\"margin-bottom: 0cm; line-height: 100%;\"><b>Article 4<\/b><\/p>\n<p style=\"margin-bottom: 0cm; line-height: 100%;\">Le si\u00e8ge de l&rsquo;Association<br>est fix\u00e9 \u00e0 la Mairie de Fontenay Saint P\u00e8re, 78440.<\/p>\n<p style=\"margin-bottom: 0.21cm; line-height: 100%;\">Il pourra \u00e0 toute \u00e9poque<br>\u00eatre transf\u00e9r\u00e9 par simple d\u00e9cision du Conseil d&rsquo;Administration.<\/p>\n<p style=\"margin-bottom: 0cm; line-height: 100%;\"><b>Article 5<\/b><\/p>\n<p style=\"margin-bottom: 0.21cm; line-height: 100%;\">La dur\u00e9e de<br>l&rsquo;Association est illimit\u00e9e.<\/p>\n<p style=\"margin-bottom: 0cm; line-height: 100%;\"><b>Article 6<\/b><\/p>\n<p style=\"margin-bottom: 0.21cm; line-height: 100%;\">Pour satisfaire son<br>objet, l&rsquo;Association peut utiliser tous les moyens l\u00e9gaux qui lui<br>para\u00eetront n\u00e9cessaires. Elle s&rsquo;interdit, cependant, toute manifestation \u00e0<br>caract\u00e8re politique ou confessionnel.<\/p>\n<p style=\"margin-top: 0.21cm; margin-bottom: 0.21cm; line-height: 100%;\" align=\"center\"><b>&nbsp;<\/b><\/p>\n<p style=\"margin-top: 0.21cm; margin-bottom: 0.21cm; line-height: 100%;\" align=\"center\"><b>II &#8211; <\/b><u><b>Composition de l&rsquo;Association<\/b><\/u><\/p>\n<p style=\"margin-bottom: 0cm; line-height: 100%;\"><b>Article 7<\/b><\/p>\n<p style=\"margin-bottom: 0cm; line-height: 100%;\"><b>7.1<\/b> L&rsquo;Association se<br>compose de membres actifs et de membres d&rsquo;honneur :<\/p>\n<ul>\n<li>\n<p style=\"margin-bottom: 0cm; line-height: 100%;\"><u>Membres actifs<\/u>.<br>Sont ainsi d\u00e9sign\u00e9es les personnes physiques ou morales qui souhaitent<br>soutenir l&rsquo;Association dans l&rsquo;accomplissement de son objet, \u00e0 jour de<br>leur cotisation. Les personnes morales d\u00e9signent une personne physique<br>comme repr\u00e9sentant.<\/p>\n<\/li>\n<li>\n<p style=\"margin-bottom: 0cm; line-height: 100%;\"><u>Membres d&rsquo;honneur<\/u>.<br>Sont ainsi d\u00e9sign\u00e9es sur proposition du Conseil et apr\u00e8s ratification<br>par l&rsquo;Assembl\u00e9e G\u00e9n\u00e9rale, les personnes qui rendent ou ont rendu des<br>services \u00e0 l&rsquo;Association. Les membres d&rsquo;honneur ne sont pas tenus<br>d&rsquo;acquitter une cotisation annuelle.<\/p>\n<\/li>\n<\/ul>\n<p style=\"margin-bottom: 0.21cm; line-height: 100%;\"><b>7.2<\/b> Pour chacun<br>des villages suivants : Breuil-en-Vexin, Fontenay Saint P\u00e8re, Guitrancourt<br>et Sailly, l&rsquo;ensemble des adh\u00e9rents de chaque village constitue, par<br>d\u00e9finition, le Comit\u00e9 local d&rsquo;adh\u00e9rents de la commune.<\/p>\n<p style=\"margin-bottom: 0cm; line-height: 100%;\"><b>Article 8<\/b><\/p>\n<p style=\"margin-bottom: 0cm; line-height: 100%;\">Le Conseil d&rsquo;Administration<br>statue sur toutes les demandes d&rsquo;adh\u00e9sion.<\/p>\n<p style=\"margin-bottom: 0.21cm; line-height: 100%;\">Ses d\u00e9cisions ne sont<br>pas motiv\u00e9es et ne sont pas susceptibles de recours.<\/p>\n<p style=\"margin-bottom: 0cm; line-height: 100%;\"><b>Article 9<\/b><\/p>\n<p style=\"margin-bottom: 0cm; line-height: 100%;\">L&rsquo;Assembl\u00e9e g\u00e9n\u00e9rale fixe,<br>sur proposition du Conseil d&rsquo;Administration, le montant des cotisations.<\/p>\n<p style=\"margin-bottom: 0.21cm; line-height: 100%;\">Chaque exercice court du<br>1er janvier au 31 d\u00e9cembre ; toutefois, le 1er exercice prendra fin au 31<br>d\u00e9cembre 1996.<\/p>\n<p style=\"margin-bottom: 0cm; line-height: 100%;\"><b>Article 10<\/b><\/p>\n<p style=\"margin-bottom: 0cm; line-height: 100%;\">La qualit\u00e9 de membre actif<br>de l&rsquo;Association se perd :<\/p>\n<ol>\n<li>\n<p style=\"margin-bottom: 0cm; line-height: 100%;\">Par le d\u00e9c\u00e8s de la<br>personne physique ou par la dissolution de la personne morale<\/p>\n<\/li>\n<li>\n<p style=\"margin-bottom: 0cm; line-height: 100%;\">Par la d\u00e9mission,<\/p>\n<\/li>\n<li>\n<p style=\"margin-bottom: 0cm; line-height: 100%;\">Par d\u00e9faut de paiement<br>de la cotisation annuelle, sauf r\u00e9gularisation accept\u00e9e par le Conseil<br>d&rsquo;Administration,<\/p>\n<\/li>\n<li>\n<p style=\"margin-bottom: 0.21cm; line-height: 100%;\">Par radiation,<br>prononc\u00e9e par le Conseil d&rsquo;Administration pour motif grave et<br>signifi\u00e9e par lettre recommand\u00e9e avec demande d&rsquo;avis de r\u00e9ception. Le<br>membre int\u00e9ress\u00e9 peut \u00eatre invit\u00e9 \u00e0 pr\u00e9senter sa d\u00e9fense devant le<br>Conseil.<\/p>\n<\/li>\n<\/ol>\n<p style=\"margin-bottom: 0cm; line-height: 100%;\"><b>Article 11<\/b><\/p>\n<p style=\"margin-bottom: 0.21cm; line-height: 100%;\">Le patrimoine de<br>l&rsquo;Association r\u00e9pond seul des engagements contract\u00e9s par elle, sans<br>qu&rsquo;aucun des membres de cette Association, m\u00eame ceux qui participent \u00e0 sa<br>gestion, puissent en \u00eatre tenu personnellement responsable.<\/p>\n<p style=\"margin-top: 0.21cm; margin-bottom: 0.21cm; line-height: 100%;\" align=\"center\"><b>&nbsp;<\/b><\/p>\n<p style=\"margin-top: 0.21cm; margin-bottom: 0.21cm; line-height: 100%;\" align=\"center\"><b>III &#8211; <\/b><u><b>Administration<\/b><\/u><\/p>\n<p style=\"margin-bottom: 0cm; line-height: 100%;\"><b>Article 12<\/b><\/p>\n<p style=\"margin-bottom: 0cm; line-height: 100%;\">Chacun des quatre comit\u00e9s<br>locaux (Breuil-en-Vexin, Fontenay Saint P\u00e8re, Guitrancourt et<\/p>\n<p style=\"margin-bottom: 0cm; line-height: 100%;\">Sailly) \u00e9lit pour un an au<br>vote simple son repr\u00e9sentant. Les repr\u00e9sentants des Comit\u00e9s locaux sont<br>r\u00e9\u00e9ligibles.<\/p>\n<p style=\"margin-bottom: 0.21cm; line-height: 100%;\">L&rsquo;organisation et le<br>fonctionnement des Comit\u00e9s locaux sont fix\u00e9s par le R\u00e8glement int\u00e9rieur.<\/p>\n<p style=\"margin-bottom: 0cm; line-height: 100%;\"><b>Article 13<\/b><\/p>\n<p style=\"margin-bottom: 0.21cm; line-height: 100%;\">L&rsquo;Association est<br>administr\u00e9e par un Conseil compos\u00e9 de sept \u00e0 quinze membres, \u00e9lus et<br>r\u00e9\u00e9ligibles.<\/p>\n<p style=\"margin-bottom: 0.21cm; line-height: 100%;\"><b>13.1<\/b> Sont membres<br>de droit du Conseil d&rsquo;Administration, pendant la dur\u00e9e de leur mandat de<br>repr\u00e9sentant local, les quatre repr\u00e9sentants \u00e9lus des comit\u00e9s locaux<br>d&rsquo;adh\u00e9rent.<\/p>\n<p style=\"margin-bottom: 0cm; line-height: 100%;\"><b>13.2<\/b> Les autres<br>membres du Conseil d&rsquo;Administration, trois \u00e0 onze, sont \u00e9lus pour trois<br>ans par l&rsquo;Assembl\u00e9e G\u00e9n\u00e9rale, parmi les membres actifs de l&rsquo;Association.<\/p>\n<ul>\n<li>\n<p style=\"margin-bottom: 0cm; line-height: 100%;\">Chaque ann\u00e9e<br>l&rsquo;Assembl\u00e9e G\u00e9n\u00e9rale pourvoit au renouvellement des mandats arriv\u00e9s \u00e0<br>expiration.<\/p>\n<\/li>\n<li>\n<p style=\"margin-bottom: 0cm; line-height: 100%;\">Le premier Conseil<br>ainsi \u00e9lu pour trois ans, ou tout autre Conseil \u00e9lu \u00e0 la suite d&rsquo;une<br>d\u00e9mission collective des Administrateurs, proc\u00e8de par voie de tirage<br>au sort pour d\u00e9signer le premier et le second tiers (calcul\u00e9s par<br>d\u00e9faut) des Administrateurs dont les mandats seront respectivement<br>venus \u00e0 terme au bout de la premi\u00e8re et de la deuxi\u00e8me ann\u00e9e.<\/p>\n<\/li>\n<li>\n<p style=\"margin-bottom: 0.21cm; line-height: 100%;\">Tout membre actif<br>qui ne repr\u00e9sente pas un Comit\u00e9 Local, peut pr\u00e9senter sa candidature<br>au Conseil suivant les modalit\u00e9s pr\u00e9cis\u00e9es \u00e0 l&rsquo;article 26.<\/p>\n<\/li>\n<\/ul>\n<p style=\"margin-bottom: 0cm; line-height: 100%;\"><b>Article 14<\/b><\/p>\n<p style=\"margin-bottom: 0cm; line-height: 100%;\">Le Conseil d&rsquo;Administration<br>a qualit\u00e9 pour coopter des Administrateurs dans l&rsquo;intervalle des sessions<br>de l&rsquo;Assembl\u00e9e g\u00e9n\u00e9rale. La nomination des Administrateurs coopt\u00e9s est<br>soumise \u00e0 ratification lors de la prochaine Assembl\u00e9e. Les d\u00e9cisions<br>prises avec le concours des Administrateurs coopt\u00e9s demeurent valables,<br>m\u00eame en cas de leur non ratification par l&rsquo;Assembl\u00e9e.<\/p>\n<p style=\"margin-bottom: 0.21cm; line-height: 100%;\">La dur\u00e9e du mandat d&rsquo;un<br>Administrateur coopt\u00e9 est celle de l&rsquo;Administrateur d\u00e9faillant qu&rsquo;il est<br>r\u00e9put\u00e9 remplacer.<\/p>\n<p style=\"margin-bottom: 0.21cm; line-height: 100%;\">Au cas o\u00f9 le nombre des<br>Administrateurs est, ou devient, inf\u00e9rieur \u00e0 7, les Administrateurs \u00e9lus<br>doivent, dans un d\u00e9lai de 3 mois, coopter autant d&rsquo;Administrateur que<br>n\u00e9cessaire pour rester en conformit\u00e9 avec les pr\u00e9sents statuts.<\/p>\n<p style=\"margin-bottom: 0cm; line-height: 100%;\"><b>Article 15<\/b><\/p>\n<p style=\"margin-bottom: 0cm; line-height: 100%;\">Le Conseil choisit parmi<br>ses membres un Bureau compos\u00e9 au minimum de :<\/p>\n<ul>\n<li>\n<p style=\"margin-bottom: 0cm; line-height: 100%;\">un Pr\u00e9sident,<\/p>\n<\/li>\n<li>\n<p style=\"margin-bottom: 0cm; line-height: 100%;\">un Secr\u00e9taire g\u00e9n\u00e9ral,<\/p>\n<\/li>\n<li>\n<p style=\"margin-bottom: 0cm; line-height: 100%;\">un Tr\u00e9sorier.<\/p>\n<\/li>\n<\/ul>\n<p style=\"margin-bottom: 0cm; line-height: 100%;\">En cas de vacance, le<br>Conseil proc\u00e8de au renouvellement des postes vacants.<\/p>\n<p style=\"margin-bottom: 0.21cm; line-height: 100%;\">Le Bureau est charg\u00e9 de<br>l&rsquo;ex\u00e9cution des d\u00e9cisions du Conseil.<\/p>\n<p style=\"margin-bottom: 0cm; line-height: 100%;\"><b>Article 16<\/b><\/p>\n<p style=\"margin-bottom: 0.21cm; line-height: 100%;\">Le Conseil<br>d&rsquo;Administration se r\u00e9unit chaque fois qu&rsquo;il est convoqu\u00e9 par son<br>Pr\u00e9sident, ou sur la demande du quart de ses membres et au moins une fois<br>par trimestre.<\/p>\n<p style=\"margin-bottom: 0.21cm; line-height: 100%;\">Il peut convoquer \u00e0 ses<br>r\u00e9unions, \u00e0 titre consultatif, tous membres de l&rsquo;Association dont la<br>comp\u00e9tence professionnelle sera utile \u00e0 l&rsquo;objet de ses travaux et<br>constituer, avec leurs concours, les commissions d&rsquo;\u00e9tude pour un objet<br>d\u00e9termin\u00e9 ; toutefois, seuls les membres du Conseil ont voix d\u00e9lib\u00e9rative.<\/p>\n<p style=\"margin-bottom: 0.21cm; line-height: 100%;\">Pour la validit\u00e9 des<br>d\u00e9lib\u00e9rations, la moiti\u00e9 au moins des membres du Conseil doit \u00eatre<br>repr\u00e9sent\u00e9e.<\/p>\n<p style=\"margin-bottom: 0.21cm; line-height: 100%;\">Les d\u00e9cisions sont<br>prises \u00e0 la majorit\u00e9 simple des membres pr\u00e9sents ou repr\u00e9sent\u00e9s. En cas de<br>partage des voix, la voix du Pr\u00e9sident est pr\u00e9pond\u00e9rante.<\/p>\n<p style=\"margin-bottom: 0.21cm; line-height: 100%;\">Un membre du Conseil<br>d&rsquo;Administration ne peut \u00eatre porteur de plus d&rsquo;un pouvoir de<br>repr\u00e9sentation.<\/p>\n<p style=\"margin-bottom: 0.21cm; line-height: 100%;\">Les proc\u00e8s-verbaux des<br>s\u00e9ances du Conseil sont inscrits sur un registre sp\u00e9cial ; ils sont sign\u00e9s<br>par le Pr\u00e9sident et le Secr\u00e9taire.<\/p>\n<p style=\"margin-bottom: 0cm; line-height: 100%;\"><b>Article 17<\/b><\/p>\n<p style=\"margin-bottom: 0cm; line-height: 100%;\">Les fonctions de membres du<br>conseil sont b\u00e9n\u00e9voles.<\/p>\n<p style=\"margin-bottom: 0.21cm; line-height: 100%;\">Des remboursements de<br>frais sont seuls possibles. Ils doivent faire l&rsquo;objet d&rsquo;une d\u00e9cision<br>express du Conseil d&rsquo;Administration.<\/p>\n<p style=\"margin-bottom: 0cm; line-height: 100%;\"><b>Article 18<\/b><\/p>\n<p style=\"margin-bottom: 0.21cm; line-height: 100%;\">Le Pr\u00e9sident fixe les<br>r\u00e9unions du Conseil d&rsquo;Administration.<\/p>\n<p style=\"margin-bottom: 0cm; line-height: 100%;\">Il repr\u00e9sente l&rsquo;Association<br>dans tous les actes de la vie civile et est investi de tous pouvoirs \u00e0 cet<br>effet. Il a notamment qualit\u00e9 pour repr\u00e9senter en justice l&rsquo;Association.<\/p>\n<p style=\"margin-bottom: 0.21cm; line-height: 100%;\">Il pr\u00e9side toutes les<br>Assembl\u00e9es. En cas d&rsquo;absence ou de maladie, il est remplac\u00e9 par un<br>Administrateur qu&rsquo;il d\u00e9signe \u00e0 cet effet, faute de quoi, l&rsquo;Administrateur<br>le plus \u00e2g\u00e9.<\/p>\n<p style=\"margin-bottom: 0cm; line-height: 100%;\"><b>Article 19<\/b><\/p>\n<p style=\"margin-bottom: 0cm; line-height: 100%;\">Le Secr\u00e9taire g\u00e9n\u00e9ral est<br>charg\u00e9 de tout ce qui concerne la correspondance et les archives.<\/p>\n<p style=\"margin-bottom: 0cm; line-height: 100%;\">Il adresse les<br>convocations, r\u00e9dige les proc\u00e8s-verbaux des r\u00e9unions ou assembl\u00e9es, et<br>d&rsquo;une mani\u00e8re g\u00e9n\u00e9rale, toutes les \u00e9critures concernant le fonctionnement<br>de l&rsquo;Association, \u00e0 l&rsquo;exception de celle qui concerne la comptabilit\u00e9.<\/p>\n<p style=\"margin-bottom: 0.21cm; line-height: 100%;\">Il tient le registre<br>sp\u00e9cial pr\u00e9vu par l&rsquo;article 5 de la loi du 1\/07\/1901 et les articles 6 et<br>31 du d\u00e9cret du 16\/08\/1901. Il assure l&rsquo;ex\u00e9cution des formalit\u00e9s<br>prescrites par les dits articles.<\/p>\n<p style=\"margin-bottom: 0cm; line-height: 100%;\"><b>Article 20<\/b><\/p>\n<p style=\"margin-bottom: 0.21cm; line-height: 100%;\">Le Tr\u00e9sorier est charg\u00e9<br>de tout ce qui concerne la gestion du patrimoine de l&rsquo;Association ; il<br>effectue tous paiements et re\u00e7oit, sous la surveillance du Pr\u00e9sident,<br>toutes sommes dues \u00e0 l&rsquo;Association. Il ne peut ali\u00e9ner les valeurs<br>constituant le fonds de r\u00e9serve qu&rsquo;avec l&rsquo;autorisation du Conseil<br>d&rsquo;Administration.<\/p>\n<p style=\"margin-bottom: 0cm; line-height: 100%;\"><b>Article 21<\/b><\/p>\n<p style=\"margin-bottom: 0cm; line-height: 100%;\">Le Conseil d&rsquo;Administration<br>ex\u00e9cute les d\u00e9cisions de l&rsquo;Assembl\u00e9e g\u00e9n\u00e9rale et assure le fonctionnement<br>de l&rsquo;Association.<\/p>\n<p style=\"margin-bottom: 0.21cm; line-height: 100%;\">Il est comp\u00e9tent pour<br>d\u00e9cider toute action en justice.<\/p>\n<p style=\"margin-bottom: 0cm; line-height: 100%;\">Il surveille la gestion des<br>membres du Bureau et a toujours le droit de se faire rendre compte de<br>leurs actes.<\/p>\n<p style=\"margin-bottom: 0.21cm; line-height: 100%;\">Il peut, \u00e0 la majorit\u00e9,<br>en cas de faute grave, suspendre provisoirement les membres du Bureau en<br>attendant la d\u00e9cision de l&rsquo;Assembl\u00e9e g\u00e9n\u00e9rale qui doit, dans ce cas, \u00eatre<br>convoqu\u00e9e et r\u00e9unie dans la quinzaine.<\/p>\n<p style=\"margin-bottom: 0cm; line-height: 100%;\">Il \u00e9tablit chaque ann\u00e9e les<br>comptes de l&rsquo;exercice clos et les soumet \u00e0 l&rsquo;approbation de l&rsquo;Assembl\u00e9e<br>g\u00e9n\u00e9rale.<\/p>\n<p style=\"margin-bottom: 0cm; line-height: 100%;\">Il soumet \u00e9galement \u00e0 son<br>approbation le rapport moral relatif \u00e0 son activit\u00e9 pour l&rsquo;exercice<br>\u00e9coul\u00e9.<\/p>\n<p style=\"margin-bottom: 0.21cm; line-height: 100%;\">Il pr\u00e9sente ses projets<br>pour l&rsquo;exercice suivant, comprenant notamment un budget pr\u00e9visionnel<br>comportant, en particulier, les taux de cotisations.<\/p>\n<p style=\"margin-top: 0.21cm; margin-bottom: 0.21cm; line-height: 100%;\" align=\"center\"><b>&nbsp;<\/b><\/p>\n<p style=\"margin-top: 0.21cm; margin-bottom: 0.21cm; line-height: 100%;\" align=\"center\"><b>IV &#8211; <\/b><u><b>Ressources de l&rsquo;Association<\/b><\/u><\/p>\n<p style=\"margin-bottom: 0cm; line-height: 100%;\"><b>Article 22<\/b><\/p>\n<p style=\"margin-bottom: 0cm; line-height: 100%;\">Les ressources de<br>l&rsquo;Association comprennent :<\/p>\n<ol>\n<li>\n<p style=\"margin-bottom: 0cm; line-height: 100%;\">Les cotisations vers\u00e9es<br>par ses membres,<\/p>\n<\/li>\n<li>\n<p style=\"margin-bottom: 0cm; line-height: 100%;\">Les subventions qui<br>pourront lui \u00eatre accord\u00e9es par les collectivit\u00e9s et \u00e9tablissements<br>publics,<\/p>\n<\/li>\n<li>\n<p style=\"margin-bottom: 0.21cm; line-height: 100%;\">Toutes autres<br>ressources autoris\u00e9es par la loi.<\/p>\n<\/li>\n<\/ol>\n<p style=\"margin-bottom: 0cm; line-height: 100%;\"><b>Article 23<\/b><\/p>\n<p style=\"margin-bottom: 0.21cm; line-height: 100%;\">Il est tenu au jour une<br>comptabilit\u00e9 deniers par recettes et d\u00e9penses et, s&rsquo;il y a lieu, une<br>comptabilit\u00e9 mati\u00e8res.<\/p>\n<p style=\"margin-bottom: 0cm; line-height: 100%;\"><b>Article 24<\/b><\/p>\n<p style=\"margin-bottom: 0.21cm; line-height: 100%;\">L&rsquo;assembl\u00e9e g\u00e9n\u00e9rale se<br>compose de tous les membres de l&rsquo;Association.<\/p>\n<p style=\"margin-bottom: 0cm; line-height: 100%;\"><b>Article 25<\/b><\/p>\n<p style=\"margin-bottom: 0.21cm; line-height: 100%;\">Les Assembl\u00e9es sont<br>ordinaires ou extraordinaires. Elles sont pr\u00e9sid\u00e9es par le Pr\u00e9sident de<br>l&rsquo;Association.<\/p>\n<p style=\"margin-bottom: 0.21cm; line-height: 100%;\">L&rsquo;<u>Assembl\u00e9e g\u00e9n\u00e9rale<br>ordinaire<\/u> a lieu une fois par an, dans les trois mois qui suivent la<br>cl\u00f4ture de l&rsquo;exercice, \u00e0 la date fix\u00e9e par le Conseil d&rsquo;Administration.<\/p>\n<p style=\"margin-bottom: 0.21cm; line-height: 100%;\">L&rsquo;<u>Assembl\u00e9e g\u00e9n\u00e9rale<br>extraordinaire<\/u> peut \u00eatre convoqu\u00e9e, en cas de circonstances<br>exceptionnelles, par le Pr\u00e9sident, sur avis conforme du Conseil<br>d&rsquo;Administration, ou sur demande \u00e9crite d&rsquo;un cinqui\u00e8me au moins des<br>membres inscrits d\u00e9pos\u00e9e au secr\u00e9tariat ; en ce cas, la r\u00e9union doit avoir<br>lieu dans les trente jours qui suivent le d\u00e9p\u00f4t de la demande au<br>secr\u00e9tariat.<\/p>\n<p style=\"margin-bottom: 0.21cm; line-height: 100%;\">Toutes les d\u00e9lib\u00e9rations<br>des Assembl\u00e9es g\u00e9n\u00e9rales sont prises \u00e0 la majorit\u00e9 relative des membres<br>pr\u00e9sents ou repr\u00e9sent\u00e9s.<\/p>\n<p style=\"margin-bottom: 0.21cm; line-height: 100%;\">A l&rsquo;exception des cas<br>particuliers pr\u00e9cis\u00e9s \u00e0 l&rsquo;article 28, les Assembl\u00e9es g\u00e9n\u00e9rales ne peuvent<br>valablement d\u00e9lib\u00e9rer que si un cinqui\u00e8me, au moins, des membres de<br>l&rsquo;Association, d\u00e9finis \u00e0 l&rsquo;article 7, sont pr\u00e9sents ou repr\u00e9sent\u00e9s. Faute<br>de ce quorum, une nouvelle Assembl\u00e9e g\u00e9n\u00e9rale est convoqu\u00e9e, sur le m\u00eame<br>ordre du jour, \u00e0 treize jours au moins d&rsquo;intervalle. Cette deuxi\u00e8me<br>Assembl\u00e9e g\u00e9n\u00e9rale peut valablement d\u00e9lib\u00e9rer, quel que soit le nombre des<br>membres pr\u00e9sents ou repr\u00e9sent\u00e9s.<\/p>\n<p style=\"margin-bottom: 0cm; line-height: 100%;\"><b>Article 26<\/b><\/p>\n<p style=\"margin-bottom: 0.21cm; line-height: 100%;\">Pour toutes les<br>Assembl\u00e9es, les convocations doivent \u00eatre envoy\u00e9es ou publi\u00e9es au moins un<br>mois \u00e0 l&rsquo;avance, indiquer l&rsquo;ordre du jour r\u00e9gl\u00e9 par le Conseil<br>d&rsquo;Administration et appeler les candidatures aux postes d&rsquo;Administrateurs,<br>\u00e9tant pr\u00e9cis\u00e9 que ces candidatures devront parvenir au Conseil<br>d&rsquo;Administration quinze jours au moins avant la date de l&rsquo;Assembl\u00e9e.<\/p>\n<p style=\"margin-bottom: 0cm; line-height: 100%;\"><b>Article 27<\/b><\/p>\n<p style=\"margin-bottom: 0cm; line-height: 100%;\">Au cours de l&rsquo;Assembl\u00e9e<br>g\u00e9n\u00e9rale ordinaire, le Pr\u00e9sident, ou un administrateur d\u00e9l\u00e9gu\u00e9 par lui<b>,<\/b><br>pr\u00e9sente les comptes rendus de l&rsquo;action et de la gestion de son Conseil<br>pour l&rsquo;exercice \u00e9coul\u00e9.<\/p>\n<p style=\"margin-bottom: 0cm; line-height: 100%;\">L&rsquo;Assembl\u00e9e g\u00e9n\u00e9rale statue<br>sur l&rsquo;approbation de ces comptes rendus.<\/p>\n<p style=\"margin-bottom: 0cm; line-height: 100%;\">Elle vote le budget et les<br>orientations de l&rsquo;exercice suivant.<\/p>\n<p style=\"margin-bottom: 0cm; line-height: 100%;\">Elle adopte le r\u00e8glement<br>int\u00e9rieur.<\/p>\n<p style=\"margin-bottom: 0cm; line-height: 100%;\">Elle proc\u00e8de au<br>renouvellement des membres du Conseil d&rsquo;Administration.<\/p>\n<p style=\"margin-bottom: 0.21cm; line-height: 100%;\">Elle ratifie le mandat,<br>non arriv\u00e9 \u00e0 expiration, des membres coopt\u00e9s au Conseil, pendant<br>l&rsquo;exercice pass\u00e9.<\/p>\n<p style=\"margin-bottom: 0cm; line-height: 100%;\"><b>Article 28<\/b><\/p>\n<p style=\"margin-bottom: 0cm; line-height: 100%;\">L&rsquo;Assembl\u00e9e g\u00e9n\u00e9rale<br>extraordinaire statue sur toutes les questions urgentes qui lui sont<br>soumises, toutefois :<\/p>\n<ol>\n<li>\n<p style=\"margin-bottom: 0cm; line-height: 100%;\">pour apporter toutes<br>modifications aux statuts,<\/p>\n<\/li>\n<li>\n<p style=\"margin-bottom: 0cm; line-height: 100%;\">pour ordonner la<br>dissolution de l&rsquo;Association,<\/p>\n<\/li>\n<li>\n<p style=\"margin-bottom: 0cm; line-height: 100%;\">pour ordonner sa fusion<br>avec toute autre association poursuivant un but analogue,<\/p>\n<\/li>\n<li>\n<p style=\"margin-bottom: 0cm; line-height: 100%;\">pour ordonner son<br>affiliation \u00e0 toute union d&rsquo;associations,<\/p>\n<\/li>\n<\/ol>\n<p style=\"margin-bottom: 0cm; line-height: 100%;\">L&rsquo;Assembl\u00e9e g\u00e9n\u00e9rale<br>extraordinaire ne peut valablement d\u00e9lib\u00e9rer que si la moiti\u00e9, au moins,<br>des membres de l&rsquo;Association, d\u00e9finis \u00e0 l&rsquo;article 7, sont pr\u00e9sents ou<br>repr\u00e9sent\u00e9s.<\/p>\n<p style=\"margin-bottom: 0.21cm; line-height: 100%;\">Faute de ce quorum, une<br>nouvelle Assembl\u00e9e g\u00e9n\u00e9rale extraordinaire est convoqu\u00e9e, sur le m\u00eame<br>ordre du jour, \u00e0 treize jours au moins d&rsquo;intervalle. Cette deuxi\u00e8me<br>Assembl\u00e9e g\u00e9n\u00e9rale extraordinaire peut valablement d\u00e9lib\u00e9rer, quel que<br>soit le nombre des membres pr\u00e9sents ou repr\u00e9sent\u00e9s.<\/p>\n<p style=\"margin-bottom: 0cm; line-height: 100%;\"><b>Article 29<\/b><\/p>\n<p style=\"margin-bottom: 0cm; line-height: 100%;\">Les Assembl\u00e9es nomment deux<br>scrutateurs, parmi les non-membres du Conseil. Les d\u00e9lib\u00e9rations des<br>Assembl\u00e9es sont consign\u00e9es par le Secr\u00e9taire g\u00e9n\u00e9ral sur un registre et<br>sign\u00e9es par les deux scrutateurs et par les membres du Bureau pr\u00e9sent \u00e0 la<br>d\u00e9lib\u00e9ration.<\/p>\n<p style=\"margin-bottom: 0.21cm; line-height: 100%;\">Ces proc\u00e8s-verbaux<br>constatent le nombre de membres pr\u00e9sents aux Assembl\u00e9es g\u00e9n\u00e9rales<br>extraordinaires.<\/p>\n<p style=\"margin-bottom: 0cm; line-height: 100%;\"><b>Article 30<\/b><\/p>\n<p style=\"margin-bottom: 0.21cm; line-height: 100%;\">Les membres de<br>l&rsquo;Association ont voix d\u00e9lib\u00e9rative \u00e0 raison d&rsquo;une voix par membre, que<br>celle-ci soit une personne physique ou une personne morale.<\/p>\n<p style=\"margin-bottom: 0.21cm; line-height: 100%;\">Les pouvoirs sont admis<br>dans la limite de cinq par mandataire, celui-ci devant \u00eatre lui-m\u00eame<br>membre de l&rsquo;Association.<\/p>\n<p style=\"margin-bottom: 0cm; line-height: 100%;\"><b>Article 31<\/b><\/p>\n<p style=\"margin-bottom: 0.21cm; line-height: 100%;\">Les comptes rendus des<br>Assembl\u00e9es annuelles, comprenant les rapports d&rsquo;action et de gestion sont<br>envoy\u00e9s aux membres de l&rsquo;Association qui en feront la demande \u00e9crite.<\/p>\n<p style=\"margin-bottom: 0cm; line-height: 100%;\"><b>Article 32<\/b><\/p>\n<p style=\"margin-bottom: 0.42cm; line-height: 100%;\">En cas de dissolution<br>volontaire ou forc\u00e9e, l&rsquo;Assembl\u00e9e extraordinaire statue sur la d\u00e9volution<br>du patrimoine de l&rsquo;Association sans pouvoir attribuer aux membres de<br>l&rsquo;Association autre chose que leurs apports. Elle d\u00e9signe les<br>\u00e9tablissements publics ou les \u00e9tablissements priv\u00e9s reconnus d&rsquo;utilit\u00e9<br>publique qui recevront le reliquat de l&rsquo;actif apr\u00e8s paiement de toutes les<br>dettes et charges de l&rsquo;Association et de tous frais de liquidation. Elle<br>nomme, pour assurer les op\u00e9rations de liquidation, un ou plusieurs membres<br>de l&rsquo;Association qui seront investis \u00e0 cet effet de tous pouvoirs<br>n\u00e9cessaires.<\/p>\n<p style=\"margin-bottom: 0.21cm; line-height: 100%;\"><u>Modifications port\u00e9es<br>aux statuts de la pr\u00e9sente association<\/u>.<\/p>\n<ul>\n<li>\n<p style=\"margin-bottom: 0cm; line-height: 100%;\"><i>Les statuts de<br>l&rsquo;AVL3C ont \u00e9t\u00e9 adopt\u00e9s en Assembl\u00e9e Constitutive du 22 Septembre<br>1995 (\u00e9dition du 16 Octobre 1995).<\/i><\/p>\n<\/li>\n<li>\n<p style=\"margin-bottom: 0cm; line-height: 100%;\"><i>Ils ont \u00e9t\u00e9 modifi\u00e9s<br>une premi\u00e8re fois au cours de l&rsquo;AG extraordinaire du 24\/02\/96.<\/i><\/p>\n<\/li>\n<li>\n<p style=\"margin-bottom: 0cm; line-height: 100%;\"><i>Ils ont \u00e9t\u00e9 modifi\u00e9s<br>une seconde fois au cours de l&rsquo;AG extraordinaire du 01\/03\/97<\/i><\/p>\n<\/li>\n<\/ul>\n\n\n<p><\/p>\n","protected":false},"excerpt":{"rendered":"<p>Disponible au t\u00e9l\u00e9chargement Bulletin d&rsquo;adh\u00e9sion Statuts modifi\u00e9s de l\u2019association AVL3C (adopt\u00e9s en AGE du1er Mars 1997) &nbsp; I &#8211; Formation et objet de l&rsquo;Association Article 1 Il est form\u00e9 entre lessoussign\u00e9s et toutes autres personnes adh\u00e9rant aux pr\u00e9sents statuts, uneAssociation r\u00e9gie par la loi du 1\/07\/1901. Article 2 L&rsquo;association prend lad\u00e9nomination suivante : Association Vexinoise [&hellip;]<\/p>\n","protected":false},"author":1,"featured_media":0,"comment_status":"closed","ping_status":"open","sticky":false,"template":"","format":"standard","meta":{"footnotes":""},"categories":[61],"tags":[],"class_list":["post-893","post","type-post","status-publish","format-standard","hentry","category-historique-et-statuts"],"_links":{"self":[{"href":"https:\/\/www.avl3c.org\/vexinzone109\/wp-json\/wp\/v2\/posts\/893","targetHints":{"allow":["GET"]}}],"collection":[{"href":"https:\/\/www.avl3c.org\/vexinzone109\/wp-json\/wp\/v2\/posts"}],"about":[{"href":"https:\/\/www.avl3c.org\/vexinzone109\/wp-json\/wp\/v2\/types\/post"}],"author":[{"embeddable":true,"href":"https:\/\/www.avl3c.org\/vexinzone109\/wp-json\/wp\/v2\/users\/1"}],"replies":[{"embeddable":true,"href":"https:\/\/www.avl3c.org\/vexinzone109\/wp-json\/wp\/v2\/comments?post=893"}],"version-history":[{"count":4,"href":"https:\/\/www.avl3c.org\/vexinzone109\/wp-json\/wp\/v2\/posts\/893\/revisions"}],"predecessor-version":[{"id":1971,"href":"https:\/\/www.avl3c.org\/vexinzone109\/wp-json\/wp\/v2\/posts\/893\/revisions\/1971"}],"wp:attachment":[{"href":"https:\/\/www.avl3c.org\/vexinzone109\/wp-json\/wp\/v2\/media?parent=893"}],"wp:term":[{"taxonomy":"category","embeddable":true,"href":"https:\/\/www.avl3c.org\/vexinzone109\/wp-json\/wp\/v2\/categories?post=893"},{"taxonomy":"post_tag","embeddable":true,"href":"https:\/\/www.avl3c.org\/vexinzone109\/wp-json\/wp\/v2\/tags?post=893"}],"curies":[{"name":"wp","href":"https:\/\/api.w.org\/{rel}","templated":true}]}}