{"id":960,"date":"2016-12-07T10:33:22","date_gmt":"2016-12-07T09:33:22","guid":{"rendered":"https:\/\/www.avl3c.org\/vexinzone109\/?p=960"},"modified":"2024-11-12T16:33:01","modified_gmt":"2024-11-12T15:33:01","slug":"note-sur-la-question-de-leau","status":"publish","type":"post","link":"https:\/\/www.avl3c.org\/vexinzone109\/note-sur-la-question-de-leau\/","title":{"rendered":"Note sur la question de l&rsquo;eau"},"content":{"rendered":"<p><strong>Rappel des faits<\/strong><\/p>\n<div style=\"width: 422px\" class=\"wp-caption aligncenter\"><img loading=\"lazy\" decoding=\"async\" src=\"https:\/\/www.avl3c.org\/IMG\/bmp\/trace_zone_speciale_1997_.bmp?1480883773\" alt=\"\" width=\"412\" height=\"430\" \/><p class=\"wp-caption-text\"><em>Trac\u00e9 de la Zone sp\u00e9ciale.1997.Doc. Driee<\/em><\/p><\/div>\n<p style=\"text-align: left;\">La cimenterie de Gargenville date de 1921. Elle est aliment\u00e9e par la carri\u00e8re de Guitrancourt, en fin d&rsquo;activit\u00e9. En 2000, Italcementi \/ Calcia a obtenu de l&rsquo;Etat la cr\u00e9ation d&rsquo;une \u00ab\u00a0zone sp\u00e9ciale\u00a0\u00bb qui lui permet l&rsquo;acc\u00e8s au calcaire sur 550 hectares au-del\u00e0 de l&rsquo;actuelle exploitation.<br \/>\nEn 2008, apr\u00e8s un combat de dix ans, la commune de Guitrancourt a fait prot\u00e9ger ses forages d&rsquo;eau potable, ce qui interdit \u00e0 l&rsquo;industriel la poursuite de l&rsquo;extension de la carri\u00e8re dans la commune.<br \/>\nL&rsquo;industriel envisage donc d&rsquo;ouvrir une nouvelle carri\u00e8re dans une autre partie de la \u00ab\u00a0zone sp\u00e9ciale\u00a0\u00bb, sur 80 ha \u00e0 Brueil-en-Vexin.<br \/>\nIl s&rsquo;agit d&rsquo;une configuration compl\u00e8tement diff\u00e9rente, un autre plateau, un autre bassin versant, celui de la Montcient.<br \/>\nLa Montcient prend sa source \u00e0 Sailly, traverse sept communes, rejoint l&rsquo;Aubette pour se jeter dans la Seine apr\u00e8s un parcours de 11km. Communes travers\u00e9es d&rsquo;amont en aval : Sailly (source), Brueil-en-Vexin, Oinville-sur-Montcient, Seraincourt, Gaillon-sur-Montcient, Hardricourt et Meulan.<\/p>\n<ul>\n<li>A la hauteur du point le plus \u00e9lev\u00e9 (ancien prieur\u00e9 St Laurent), on est \u00e0 une centaine de m\u00e8tres au-dessus de la rivi\u00e8re Montcient. Le versant est un v\u00e9ritable filtre pour la nappe phr\u00e9atique.<\/li>\n<\/ul>\n<div style=\"width: 625px\" class=\"wp-caption aligncenter\"><img loading=\"lazy\" decoding=\"async\" src=\"https:\/\/www.avl3c.org\/IMG\/bmp\/carte_hydrologique_.bmp?1480884222\" alt=\"\" width=\"615\" height=\"373\" \/><p class=\"wp-caption-text\"><em>Carte hydrologique du bassin versant au-dessus de la commune de Brueil-en-Vexin Source PNR\/Head Ing\u00e9nierie, 01\/12\/2014<\/em><\/p><\/div>\n<ul>\n<li>Le calcaire exploitable, une bande de 20 m d&rsquo;\u00e9paisseur, se situe \u00e0 environ 50 m\u00e8tres de profondeur en haut du plateau, sous la ferme Saint Laurent, et \u00e0 10 m\u00e8tres pr\u00e8s de Brueil (Pr\u00e9sentation du projet Calcia, Sous-pr\u00e9fecture, 05 05 2014)<\/li>\n<li>Dans ses premi\u00e8res pr\u00e9sentations, l&rsquo;industriel annon\u00e7ait son intention d&rsquo;exploiter le calcaire jusque sous la nappe phr\u00e9atique. Avec pour cons\u00e9quences :<br \/>\n&#8211; La n\u00e9cessit\u00e9 de \u00ab\u00a0rabattre\u00a0\u00bb la nappe en pompant 77m3 d&rsquo;eau par heure et de stocker cette eau en exc\u00e8s.<br \/>\n&#8211; Une baisse de plus de 27% du d\u00e9bit de la Montcient<\/li>\n<\/ul>\n<div style=\"width: 652px\" class=\"wp-caption aligncenter\"><img loading=\"lazy\" decoding=\"async\" src=\"https:\/\/www.avl3c.org\/IMG\/bmp\/burgeap_.bmp?1480884350\" alt=\"\" width=\"642\" height=\"319\" \/><p class=\"wp-caption-text\"><em>Pr\u00e9sentation Burgeap, r\u00e9union Sous-pr\u00e9fecture de Mantes-la-Jolie du 15 d\u00e9cembre 2014 (page 7)<\/em><\/p><\/div>\n<p>Devant le toll\u00e9 des \u00e9lus et associations, le projet (15 d\u00e9cembre 2014) a subi une correction : il s&rsquo;agirait d\u00e9sormais d&rsquo;exploiter \u00e0 un m\u00e8tre au dessus de la nappe. L &lsquo;industriel a soulign\u00e9 qu&rsquo;une telle concession lui ferait perdre quatre ans d&rsquo;exploitation et 13% du calcaire.<br \/>\nA noter que si les \u00e9tudes sur la pr\u00e9sence de calcaire ont port\u00e9 sur les 550 ha de la zone sp\u00e9ciale, les \u00e9tudes pr\u00e9liminaires concernant l&rsquo;eau (cabinet Burgeap) se cantonnent aux 80 ha convoit\u00e9s (5 pi\u00e9zom\u00e8tres ). Le PNR a pris \u00e0 sa charge une autre \u00e9tude hydrog\u00e9ologique (cabinet Head).<\/p>\n<h2>Les probl\u00e8mes pos\u00e9s par ce projet de carri\u00e8re<\/h2>\n<h2>1. Aux sources de la Montcient<\/h2>\n<p>Le captage de Sailly et le forage de Drocourt, coupl\u00e9s, fournissent six villages, plus de 3000 habitants (Drocourt, Aincourt, St Cyr, Fontenay-St P\u00e8re, Sailly, Brueil). Ils repr\u00e9sentent une r\u00e9serve car ils ne sont pas exploit\u00e9s au maximum. Cet ensemble fait partie des \u00ab nouveaux captages prioritaires \u00bb (Agence de l&rsquo;eau). Une demande de DUP est en cours depuis 2015 (p\u00e9rim\u00e8tres de protection rapproch\u00e9s et \u00e9loign\u00e9s.)<\/p>\n<p>Apr\u00e8s la carri\u00e8re de Brueil, la deuxi\u00e8me phase d&rsquo;exploitation des 550 ha de la \u00ab\u00a0zone sp\u00e9ciale\u00a0\u00bb, sur la commune de Sailly, affecterait le bassin versant de ce captage-forage (d\u00e9limit\u00e9 dans le Rapport hydrog\u00e9ologique Archambault Conseil, 2014).<\/p>\n<div style=\"width: 328px\" class=\"wp-caption aligncenter\"><img loading=\"lazy\" decoding=\"async\" src=\"https:\/\/www.avl3c.org\/IMG\/bmp\/bassin_versant.bmp?1480884481\" alt=\"\" width=\"318\" height=\"442\" \/><p class=\"wp-caption-text\"><em>Bassin versant alimentant le captage Sailly \/ Drocourt (rapport Archambault, 2014) superpos\u00e9 \u00e0 la \u00ab\u00a0zone sp\u00e9ciale\u00a0\u00bb<\/em><\/p><\/div>\n<p>Le SDAGE (Sch\u00e9ma Directeur d&rsquo;Am\u00e9nagement et de Gestion des Eaux 2016-2021) recommande une protection renforc\u00e9e des zones de captage d&rsquo;eau potable. Page 69 : \u00a0\u00bb Il est n\u00e9cessaire de pr\u00e9voir un effort particulier pour l\u2019usage eau potable sur un p\u00e9rim\u00e8tre adapt\u00e9. Ce p\u00e9rim\u00e8tre doit correspondre au secteur, en surface, qui participe \u00e0 l\u2019alimentation de la nappe capt\u00e9e, par percolation \u00e0 travers le sol, par des infiltrations dans des fissures, b\u00e9toires&#8230; ou par ruissellement. C\u2019est l\u2019aire d\u2019alimentation de captage (AAC). \u00a0\u00bb<br \/>\nPour pr\u00e9server l&rsquo;avenir, la DUP en cours d&rsquo;instruction devrait \u00eatre \u00e9tendue \u00e0 l&rsquo;aire d&rsquo;alimentation du captage (AAC).<br \/>\nNous avons \u00e9crit en ce sens au pr\u00e9fet (novembre 2015), comme le PNR et les communes de Sailly, Brueil et Fontenay-St P\u00e8re. Nous avons inform\u00e9 les maires concern\u00e9s et les autorit\u00e9s de l&rsquo;eau.<\/p>\n<h2>2. Les forages de Meulan<\/h2>\n<p>A la hauteur de Meulan, quatre forages situ\u00e9s sur les communes de Meulan F1 et F2), Gaillon-sur-Montcient (F3) et Hardricourt (F4) alimentent en eau potable plus de 55 000 habitants ( Les Mureaux, Meulan, Hardricourt, Juziers, M\u00e9zy, Vaux, etc, jusqu&rsquo;\u00e0 un quartier de Cergy ).<br \/>\nDans son \u00ab Etude environnementale pr\u00e9alable \u00e0 la d\u00e9finition des p\u00e9rim\u00e8tres de protection des captages du champ captant de Meulan (78) \u00bb en date du 1er septembre 2008, le cabinet Burgeap \u00e9crit, Page 19 : \u00ab\u00a0ce sont les bassins versants des deux cours d&rsquo;eau [la Montcient et l&rsquo;Aubette] dans leur ensemble qui alimentent les forages\u00a0\u00bb.<br \/>\nDonc tout ce qui touche \u00e0 la Montcient, ses sources, son cours, son d\u00e9bit, est susceptible d&rsquo;avoir un effet sur l&rsquo;approvisionnement en eau potable. Nous avons \u00e9crit au commissaire enqu\u00eateur (avril 2016) pour qu&rsquo;il prenne note des risques provoqu\u00e9s par une \u00e9ventuelle extraction de calcaire sur le plateau situ\u00e9 au-dessus de la Montcient. Des maires (Brueil, M\u00e9zy), et le PNR l&rsquo;ont \u00e9galement fait.<\/p>\n<h2>3. Trame bleue-trame verte<\/h2>\n<p>La Montcient fait l&rsquo;objet avec l&rsquo;Aubette du premier contrat trame bleue-trame verte de la r\u00e9gion sign\u00e9 le 29 octobre 2015. Ce projet concernant 24 communes vise \u00e0 r\u00e9duire les pollutions, restaurer et entretenir les milieux aquatiques et humides, etc. Un tel contrat, co\u00fbteux en argent public, est incompatible avec la pr\u00e9sence d&rsquo;une exploitation risquant d&rsquo;augmenter les pollutions et de porter atteinte au d\u00e9bit de la rivi\u00e8re.<\/p>\n<h2>4. S&rsquo;adapter aux changements climatiques<\/h2>\n<p>Le Comit\u00e9 de Bassin Seine Normandie a pris des mesures fin mars 2016 pour une adaptation au changement climatique d&rsquo;ici \u00e0 2100. Voir <a href=\"https:\/\/www.infoprotection.fr\/le-bassin-seine-normandie-se-prepare-au-rechauffement-climatique\/\" target=\"_blank\" rel=\"noopener noreferrer\">Impact du r\u00e9chauffement sur l\u2019\u00e9co-syst\u00e8me de la Seine<\/a>. <strong>Le climatologue Jean Jouzel a expliqu\u00e9 que l&rsquo;effet d&rsquo;une hausse des temp\u00e9ratures sur le bassin pourrait entrainer une diminution du d\u00e9bit de la Seine et des cours d&rsquo;eau de 30%, ainsi qu&rsquo;une hausse de la temp\u00e9rature de l&rsquo;eau de 2\u00b0.<\/strong><br \/>\nParmi les autres impacts : \u00a0\u00bb un ph\u00e9nom\u00e8ne d\u2019\u00e9vapo-transpiration en augmentation de 23 % en 2100 aurait des cons\u00e9quences importantes sur les milieux et la v\u00e9g\u00e9tation\u00a0\u00bb, \u00a0\u00bb une tendance globale a\u0300 la diminution de la ressource en eau s\u2019accompagnerait d\u2019une baisse du niveau des nappes \u00ab\u00a0.<\/p>\n<h2>En conclusion<\/h2>\n<p>La Montcient joue un r\u00f4le capital dans l&rsquo;alimentation en eau potable des habitants de la r\u00e9gion.<br \/>\nLa d\u00e9cision de cr\u00e9er une \u00ab\u00a0zone sp\u00e9ciale\u00a0\u00bb de 550 hectares afin d&rsquo;alimenter un industriel en calcaire a \u00e9t\u00e9 prise en 2000, sans mesurer l&rsquo;importance de la ressource en eau et des \u00e9volutions climatiques.<br \/>\nLe projet de carri\u00e8re \u00e0 Brueil puis \u00e0 Sailly parait incompatible avec la protection de l&rsquo;eau, et en particulier de l&rsquo;eau potable, qui sera un enjeu capital dans les ann\u00e9es \u00e0 venir.<\/p>\n<div style=\"width: 653px\" class=\"wp-caption aligncenter\"><img loading=\"lazy\" decoding=\"async\" src=\"https:\/\/www.avl3c.org\/IMG\/bmp\/ferme_hauber_.bmp?1480885354\" alt=\"\" width=\"643\" height=\"323\" \/><p class=\"wp-caption-text\"><em>La ferme du Haubert \u00e0 Brueil, vente directe \u00e0 la ferme et \u00e9tangs de p\u00eache, juste sous la Zone sp\u00e9cial<\/em><\/p><\/div>\n","protected":false},"excerpt":{"rendered":"<p>Rappel des faits La cimenterie de Gargenville date de 1921. Elle est aliment\u00e9e par la carri\u00e8re de Guitrancourt, en fin d&rsquo;activit\u00e9. En 2000, Italcementi \/ Calcia a obtenu de l&rsquo;Etat la cr\u00e9ation d&rsquo;une \u00ab\u00a0zone sp\u00e9ciale\u00a0\u00bb qui lui permet l&rsquo;acc\u00e8s au calcaire sur 550 hectares au-del\u00e0 de l&rsquo;actuelle exploitation. En 2008, apr\u00e8s un combat de dix [&hellip;]<\/p>\n","protected":false},"author":1,"featured_media":0,"comment_status":"closed","ping_status":"open","sticky":false,"template":"","format":"standard","meta":{"footnotes":""},"categories":[55],"tags":[],"class_list":["post-960","post","type-post","status-publish","format-standard","hentry","category-nos-publications"],"_links":{"self":[{"href":"https:\/\/www.avl3c.org\/vexinzone109\/wp-json\/wp\/v2\/posts\/960","targetHints":{"allow":["GET"]}}],"collection":[{"href":"https:\/\/www.avl3c.org\/vexinzone109\/wp-json\/wp\/v2\/posts"}],"about":[{"href":"https:\/\/www.avl3c.org\/vexinzone109\/wp-json\/wp\/v2\/types\/post"}],"author":[{"embeddable":true,"href":"https:\/\/www.avl3c.org\/vexinzone109\/wp-json\/wp\/v2\/users\/1"}],"replies":[{"embeddable":true,"href":"https:\/\/www.avl3c.org\/vexinzone109\/wp-json\/wp\/v2\/comments?post=960"}],"version-history":[{"count":1,"href":"https:\/\/www.avl3c.org\/vexinzone109\/wp-json\/wp\/v2\/posts\/960\/revisions"}],"predecessor-version":[{"id":1988,"href":"https:\/\/www.avl3c.org\/vexinzone109\/wp-json\/wp\/v2\/posts\/960\/revisions\/1988"}],"wp:attachment":[{"href":"https:\/\/www.avl3c.org\/vexinzone109\/wp-json\/wp\/v2\/media?parent=960"}],"wp:term":[{"taxonomy":"category","embeddable":true,"href":"https:\/\/www.avl3c.org\/vexinzone109\/wp-json\/wp\/v2\/categories?post=960"},{"taxonomy":"post_tag","embeddable":true,"href":"https:\/\/www.avl3c.org\/vexinzone109\/wp-json\/wp\/v2\/tags?post=960"}],"curies":[{"name":"wp","href":"https:\/\/api.w.org\/{rel}","templated":true}]}}