{"id":980,"date":"2017-03-22T08:20:18","date_gmt":"2017-03-22T07:20:18","guid":{"rendered":"https:\/\/www.avl3c.org\/vexinzone109\/?p=980"},"modified":"2024-11-12T16:32:45","modified_gmt":"2024-11-12T15:32:45","slug":"pollution-de-lair-leurope-menace-la-france","status":"publish","type":"post","link":"https:\/\/www.avl3c.org\/vexinzone109\/pollution-de-lair-leurope-menace-la-france\/","title":{"rendered":"Pollution de l&rsquo;air : l&rsquo;Europe menace la France"},"content":{"rendered":"<p><strong>La Commission europ\u00e9enne lance un dernier avertissement \u00e0 cinq pays dont la France :<br \/>\nils ont deux mois pour agir contre la pollution de l&rsquo;air sous peine de se voir infliger des<br \/>\nsanctions financi\u00e8res.<\/strong><\/p>\n<p>Les chiffres avaient fait grand bruit en juin dernier. Sant\u00e9 publique France \u00e9valuait ainsi \u00e0<br \/>\n48 000 le nombre de d\u00e9c\u00e8s (http:\/\/sante.lefigaro.fr\/actualite\/2016\/06\/21\/25114-pollution-<br \/>\n48000-morts-par-an-france) anticip\u00e9s \u00e0 cause de la pollution atmosph\u00e9rique.<br \/>\nAujourd&rsquo;hui, c&rsquo;est au tour de l&rsquo;Europe de monter au cr\u00e9neau en d\u00e9non\u00e7ant plus de 400.000 mort dans l&rsquo;ensemble de l&rsquo;Union europ\u00e9enne en raison de la mauvaise qualit\u00e9 de l&rsquo;air. Elle vient donc<br \/>\nd\u2018adresser un dernier avertissement \u00e0 la France, l&rsquo;Allemagne, l&rsquo;Espagne, l&rsquo;Italie et au Royaume-<br \/>\nUni. \u00abCes pays n&rsquo;ont pas rem\u00e9di\u00e9 aux infractions r\u00e9p\u00e9t\u00e9es aux limites en mati\u00e8re de pollution<br \/>\natmosph\u00e9rique fix\u00e9es pour le dioxyde d&rsquo;azote (NO 2). La pollution par le NO 2 constitue une<br \/>\ngrave menace pour la sant\u00e9. La plupart des \u00e9missions proviennent de la circulation routi\u00e8re\u00bb<br \/>\npr\u00e9cise le communiqu\u00e9 de la Commission europ\u00e9enne.<\/p>\n<p><a href=\"http:\/\/www.lefigaro.fr\/sciences\/2017\/02\/15\/01008-20170215ARTFIG00344-pollution-de-l-air-l-europe-menace-la-france.php\">Pour en savoir plus.<\/a><\/p>\n","protected":false},"excerpt":{"rendered":"<p>La Commission europ\u00e9enne lance un dernier avertissement \u00e0 cinq pays dont la France : ils ont deux mois pour agir contre la pollution de l&rsquo;air sous peine de se voir infliger des sanctions financi\u00e8res. Les chiffres avaient fait grand bruit en juin dernier. Sant\u00e9 publique France \u00e9valuait ainsi \u00e0 48 000 le nombre de d\u00e9c\u00e8s [&hellip;]<\/p>\n","protected":false},"author":1,"featured_media":0,"comment_status":"closed","ping_status":"open","sticky":false,"template":"","format":"standard","meta":{"footnotes":""},"categories":[51],"tags":[],"class_list":["post-980","post","type-post","status-publish","format-standard","hentry","category-sinformer"],"_links":{"self":[{"href":"https:\/\/www.avl3c.org\/vexinzone109\/wp-json\/wp\/v2\/posts\/980","targetHints":{"allow":["GET"]}}],"collection":[{"href":"https:\/\/www.avl3c.org\/vexinzone109\/wp-json\/wp\/v2\/posts"}],"about":[{"href":"https:\/\/www.avl3c.org\/vexinzone109\/wp-json\/wp\/v2\/types\/post"}],"author":[{"embeddable":true,"href":"https:\/\/www.avl3c.org\/vexinzone109\/wp-json\/wp\/v2\/users\/1"}],"replies":[{"embeddable":true,"href":"https:\/\/www.avl3c.org\/vexinzone109\/wp-json\/wp\/v2\/comments?post=980"}],"version-history":[{"count":1,"href":"https:\/\/www.avl3c.org\/vexinzone109\/wp-json\/wp\/v2\/posts\/980\/revisions"}],"predecessor-version":[{"id":2508,"href":"https:\/\/www.avl3c.org\/vexinzone109\/wp-json\/wp\/v2\/posts\/980\/revisions\/2508"}],"wp:attachment":[{"href":"https:\/\/www.avl3c.org\/vexinzone109\/wp-json\/wp\/v2\/media?parent=980"}],"wp:term":[{"taxonomy":"category","embeddable":true,"href":"https:\/\/www.avl3c.org\/vexinzone109\/wp-json\/wp\/v2\/categories?post=980"},{"taxonomy":"post_tag","embeddable":true,"href":"https:\/\/www.avl3c.org\/vexinzone109\/wp-json\/wp\/v2\/tags?post=980"}],"curies":[{"name":"wp","href":"https:\/\/api.w.org\/{rel}","templated":true}]}}