{"id":982,"date":"2017-04-05T19:40:57","date_gmt":"2017-04-05T17:40:57","guid":{"rendered":"https:\/\/www.avl3c.org\/vexinzone109\/?p=982"},"modified":"2024-11-12T16:32:45","modified_gmt":"2024-11-12T15:32:45","slug":"vexin-lunion-de-25-maires-contre-le-projet-de-nouvelles-carrieres","status":"publish","type":"post","link":"https:\/\/www.avl3c.org\/vexinzone109\/vexin-lunion-de-25-maires-contre-le-projet-de-nouvelles-carrieres\/","title":{"rendered":"Vexin : l\u2019union de 25 maires contre le projet de nouvelles carri\u00e8res"},"content":{"rendered":"<p><img381|center><br \/>\n \u00ab\u00a0Quand on regarde le paysage, on a du mal \u00e0 \u00eatre pro-carri\u00e8res\u00a0\u00bb, commente, un brin amer, Bruno Caffin, maire DVD de Brueil-en-Vexin (Yvelines), en montrant d\u2019un geste de la main les vastes prairies qui s\u2019\u00e9tendent \u00e0 perte de vue. Depuis 20 ans, un projet de cr\u00e9ation de nouvelles carri\u00e8res plane sur ces terres situ\u00e9es au c\u0153ur du parc naturel r\u00e9gional (PNR) du Vexin fran\u00e7ais, \u00e0 cheval sur le Val-d\u2019Oise et les Yvelines. Sur la zone, 104 ha tr\u00e8s exactement seraient r\u00e9serv\u00e9s \u00e0 une activit\u00e9 cimenti\u00e8re, \u00e0 proximit\u00e9 de l\u2019usine Calcia de Gargenville. A ce jour, aucune demande officielle n\u2019a \u00e9t\u00e9 formul\u00e9e par l\u2019entreprise. Mais le dossier s\u2019appr\u00eate bel et bien \u00e0 entamer un nouveau virage.<\/p>\n<p>\u00ab Un dossier de demande d\u2019autorisation sera d\u00e9pos\u00e9 aupr\u00e8s des services de l\u2019Etat \u00e0 la fin du mois de juin \u00bb, confirme la direction de Ciments Calcia. Jusque-l\u00e0, Brueil-en-Vexin, qui compte autant d\u2019habitants que d\u2019hectares, soit 700, \u00e9tait pr\u00e9serv\u00e9 de l\u2019urbanisation et de l\u2019activit\u00e9 industrielle. Alors, la mobilisation s\u2019organise chez les d\u00e9fenseurs de l\u2019environnement et de la ruralit\u00e9. 24 maires des communes attenantes, parmi lesquelles Les Mureaux, Vaux-sur-Seine et Evecquemont (Yvelines), Vienne-en-Arthies et V\u00e9theuil (Val-d\u2019Oise), ont pris le parti du petit village en adoptant une motion contre ce projet. \u00ab Le texte a \u00e9galement \u00e9t\u00e9 sign\u00e9 par les \u00e9lus des 99 communes qui si\u00e8gent au conseil du PNR \u00bb pr\u00e9cise Bruno Caffin.<\/p>\n","protected":false},"excerpt":{"rendered":"<p>\u00ab\u00a0Quand on regarde le paysage, on a du mal \u00e0 \u00eatre pro-carri\u00e8res\u00a0\u00bb, commente, un brin amer, Bruno Caffin, maire DVD de Brueil-en-Vexin (Yvelines), en montrant d\u2019un geste de la main les vastes prairies qui s\u2019\u00e9tendent \u00e0 perte de vue. Depuis 20 ans, un projet de cr\u00e9ation de nouvelles carri\u00e8res plane sur ces terres situ\u00e9es au [&hellip;]<\/p>\n","protected":false},"author":1,"featured_media":0,"comment_status":"closed","ping_status":"open","sticky":false,"template":"","format":"standard","meta":{"footnotes":""},"categories":[51],"tags":[],"class_list":["post-982","post","type-post","status-publish","format-standard","hentry","category-sinformer"],"_links":{"self":[{"href":"https:\/\/www.avl3c.org\/vexinzone109\/wp-json\/wp\/v2\/posts\/982","targetHints":{"allow":["GET"]}}],"collection":[{"href":"https:\/\/www.avl3c.org\/vexinzone109\/wp-json\/wp\/v2\/posts"}],"about":[{"href":"https:\/\/www.avl3c.org\/vexinzone109\/wp-json\/wp\/v2\/types\/post"}],"author":[{"embeddable":true,"href":"https:\/\/www.avl3c.org\/vexinzone109\/wp-json\/wp\/v2\/users\/1"}],"replies":[{"embeddable":true,"href":"https:\/\/www.avl3c.org\/vexinzone109\/wp-json\/wp\/v2\/comments?post=982"}],"version-history":[{"count":1,"href":"https:\/\/www.avl3c.org\/vexinzone109\/wp-json\/wp\/v2\/posts\/982\/revisions"}],"predecessor-version":[{"id":2506,"href":"https:\/\/www.avl3c.org\/vexinzone109\/wp-json\/wp\/v2\/posts\/982\/revisions\/2506"}],"wp:attachment":[{"href":"https:\/\/www.avl3c.org\/vexinzone109\/wp-json\/wp\/v2\/media?parent=982"}],"wp:term":[{"taxonomy":"category","embeddable":true,"href":"https:\/\/www.avl3c.org\/vexinzone109\/wp-json\/wp\/v2\/categories?post=982"},{"taxonomy":"post_tag","embeddable":true,"href":"https:\/\/www.avl3c.org\/vexinzone109\/wp-json\/wp\/v2\/tags?post=982"}],"curies":[{"name":"wp","href":"https:\/\/api.w.org\/{rel}","templated":true}]}}