{"id":989,"date":"2017-05-13T15:44:18","date_gmt":"2017-05-13T13:44:18","guid":{"rendered":"https:\/\/www.avl3c.org\/vexinzone109\/?p=989"},"modified":"2024-11-12T16:32:29","modified_gmt":"2024-11-12T15:32:29","slug":"lettre-ouverte-au-president-de-la-republique-sur-la-place-de-lecologie-dans-le-futur-gouvernement-reseau-action-climat-france","status":"publish","type":"post","link":"https:\/\/www.avl3c.org\/vexinzone109\/lettre-ouverte-au-president-de-la-republique-sur-la-place-de-lecologie-dans-le-futur-gouvernement-reseau-action-climat-france\/","title":{"rendered":"Lettre ouverte au Pr\u00e9sident de la R\u00e9publique sur la place de l\u2019\u00e9cologie dans le futur gouvernement &#8211; R\u00e9seau Action Climat France"},"content":{"rendered":"<p>Convaincues de l\u2019importance d\u2019accorder une place centrale \u00e0 la transition \u00e9cologique dans le quinquennat \u00e0 venir, 8 associations de protection de l\u2019environnement s\u2019\u200bassocient dans une lettre ouverte au nouveau Pr\u00e9sident de la R\u00e9publique afin de souligner la n\u00e9cessit\u00e9 d\u2019un large minist\u00e8re, avec \u00e0 sa t\u00eate un ministre d\u2019Etat, num\u00e9ro deux du Gouvernement, en charge du d\u00e9veloppement durable.<\/p>\n","protected":false},"excerpt":{"rendered":"<p>Convaincues de l\u2019importance d\u2019accorder une place centrale \u00e0 la transition \u00e9cologique dans le quinquennat \u00e0 venir, 8 associations de protection de l\u2019environnement s\u2019\u200bassocient dans une lettre ouverte au nouveau Pr\u00e9sident de la R\u00e9publique afin de souligner la n\u00e9cessit\u00e9 d\u2019un large minist\u00e8re, avec \u00e0 sa t\u00eate un ministre d\u2019Etat, num\u00e9ro deux du Gouvernement, en charge du [&hellip;]<\/p>\n","protected":false},"author":1,"featured_media":0,"comment_status":"closed","ping_status":"open","sticky":false,"template":"","format":"standard","meta":{"footnotes":""},"categories":[51],"tags":[],"class_list":["post-989","post","type-post","status-publish","format-standard","hentry","category-sinformer"],"_links":{"self":[{"href":"https:\/\/www.avl3c.org\/vexinzone109\/wp-json\/wp\/v2\/posts\/989","targetHints":{"allow":["GET"]}}],"collection":[{"href":"https:\/\/www.avl3c.org\/vexinzone109\/wp-json\/wp\/v2\/posts"}],"about":[{"href":"https:\/\/www.avl3c.org\/vexinzone109\/wp-json\/wp\/v2\/types\/post"}],"author":[{"embeddable":true,"href":"https:\/\/www.avl3c.org\/vexinzone109\/wp-json\/wp\/v2\/users\/1"}],"replies":[{"embeddable":true,"href":"https:\/\/www.avl3c.org\/vexinzone109\/wp-json\/wp\/v2\/comments?post=989"}],"version-history":[{"count":1,"href":"https:\/\/www.avl3c.org\/vexinzone109\/wp-json\/wp\/v2\/posts\/989\/revisions"}],"predecessor-version":[{"id":2500,"href":"https:\/\/www.avl3c.org\/vexinzone109\/wp-json\/wp\/v2\/posts\/989\/revisions\/2500"}],"wp:attachment":[{"href":"https:\/\/www.avl3c.org\/vexinzone109\/wp-json\/wp\/v2\/media?parent=989"}],"wp:term":[{"taxonomy":"category","embeddable":true,"href":"https:\/\/www.avl3c.org\/vexinzone109\/wp-json\/wp\/v2\/categories?post=989"},{"taxonomy":"post_tag","embeddable":true,"href":"https:\/\/www.avl3c.org\/vexinzone109\/wp-json\/wp\/v2\/tags?post=989"}],"curies":[{"name":"wp","href":"https:\/\/api.w.org\/{rel}","templated":true}]}}