{"id":992,"date":"2017-05-17T17:25:00","date_gmt":"2017-05-17T15:25:00","guid":{"rendered":"https:\/\/www.avl3c.org\/vexinzone109\/?p=992"},"modified":"2024-11-12T16:32:29","modified_gmt":"2024-11-12T15:32:29","slug":"le-mantois-en-transition-atelier-reduire-ses-dechets","status":"publish","type":"post","link":"https:\/\/www.avl3c.org\/vexinzone109\/le-mantois-en-transition-atelier-reduire-ses-dechets\/","title":{"rendered":"Le Mantois en Transition : ATELIER REDUIRE SES DECHETS"},"content":{"rendered":"<p>Parce que lutter contre une carri\u00e8re dans le Vexin, c&rsquo;est aussi lutter contre un futur centre d&rsquo;enfouissement technique de d\u00e9chets qui viendra combler le trou de la carri\u00e8re. <strong>Lutter contre tout cela c&rsquo;est anticiper la r\u00e9duction des d\u00e9chets. <\/strong><br \/>\n<img389|center><br \/>\nApprenons \u00e0 r\u00e9duire nos d\u00e9chets avec le Mantois en transition, Samedi 3 juin de 15h \u00e0 16h30.<br \/>\nAu Collectif 12, 174, bd du Mar\u00e9chal Juin \u00e0 Mantes-la-Jolie<\/p>\n<p>Avec M\u00e9lanie Jan-Ferreira : adh\u00e9rente du Mantois en Transition et du mouvement <a href=\"https:\/\/www.zerowastefrance.org\/fr\">Z\u00e9ro Waste France<\/a>. M\u00e9lanie partagera sa vision du Presque Z\u00e9ro D\u00e9chets, comment elle le pratique chez elle : trucs et astuces pour diminuer vos d\u00e9chets, m\u00e9thodes d\u2019organisation, recettes\u2026<br \/>\nUne s\u00e9lection de livre de la Librairie La Nouvelle R\u00e9serve vous sera propos\u00e9e.<br \/>\nCet atelier a lieu pendant la journ\u00e9e artistique <a href=\"http:\/\/collectif12.org\/programme\/ordures-theatre-avide\/\">ORDURES<\/a> organis\u00e9e par la compagnie Le Th\u00e9\u00e2tre Avide. Une journ\u00e9e d\u00e9di\u00e9e aux ordures : exposition, formes th\u00e9\u00e2trales, repas avec des aliments r\u00e9cup\u00e9r\u00e9s !<br \/>\nInfos pratiques :<br \/>\nTarifs : gratuit pour les adh\u00e9rents \/ don conscient pour les non-adh\u00e9rents<br \/>\nContact : mantoisentransition@gmail.com \/ 06 13 39 29 41<br \/>\nSur place vous pouvez contacter Claire-Marie au 06 78 13 59 33<br \/>\nhttps:\/\/transitionmantes.fr\/<br \/>\n<a href=\"https:\/\/transitionmantes.fr\/atelier-3juin\/\">Atelier Samedi 3 juin : r\u00e9duire ses d\u00e9chets<\/a><\/p>\n","protected":false},"excerpt":{"rendered":"<p>Parce que lutter contre une carri\u00e8re dans le Vexin, c&rsquo;est aussi lutter contre un futur centre d&rsquo;enfouissement technique de d\u00e9chets qui viendra combler le trou de la carri\u00e8re. Lutter contre tout cela c&rsquo;est anticiper la r\u00e9duction des d\u00e9chets. Apprenons \u00e0 r\u00e9duire nos d\u00e9chets avec le Mantois en transition, Samedi 3 juin de 15h \u00e0 16h30. [&hellip;]<\/p>\n","protected":false},"author":1,"featured_media":0,"comment_status":"closed","ping_status":"open","sticky":false,"template":"","format":"standard","meta":{"footnotes":""},"categories":[51],"tags":[],"class_list":["post-992","post","type-post","status-publish","format-standard","hentry","category-sinformer"],"_links":{"self":[{"href":"https:\/\/www.avl3c.org\/vexinzone109\/wp-json\/wp\/v2\/posts\/992","targetHints":{"allow":["GET"]}}],"collection":[{"href":"https:\/\/www.avl3c.org\/vexinzone109\/wp-json\/wp\/v2\/posts"}],"about":[{"href":"https:\/\/www.avl3c.org\/vexinzone109\/wp-json\/wp\/v2\/types\/post"}],"author":[{"embeddable":true,"href":"https:\/\/www.avl3c.org\/vexinzone109\/wp-json\/wp\/v2\/users\/1"}],"replies":[{"embeddable":true,"href":"https:\/\/www.avl3c.org\/vexinzone109\/wp-json\/wp\/v2\/comments?post=992"}],"version-history":[{"count":1,"href":"https:\/\/www.avl3c.org\/vexinzone109\/wp-json\/wp\/v2\/posts\/992\/revisions"}],"predecessor-version":[{"id":2497,"href":"https:\/\/www.avl3c.org\/vexinzone109\/wp-json\/wp\/v2\/posts\/992\/revisions\/2497"}],"wp:attachment":[{"href":"https:\/\/www.avl3c.org\/vexinzone109\/wp-json\/wp\/v2\/media?parent=992"}],"wp:term":[{"taxonomy":"category","embeddable":true,"href":"https:\/\/www.avl3c.org\/vexinzone109\/wp-json\/wp\/v2\/categories?post=992"},{"taxonomy":"post_tag","embeddable":true,"href":"https:\/\/www.avl3c.org\/vexinzone109\/wp-json\/wp\/v2\/tags?post=992"}],"curies":[{"name":"wp","href":"https:\/\/api.w.org\/{rel}","templated":true}]}}