{"id":993,"date":"2017-06-07T10:06:26","date_gmt":"2017-06-07T08:06:26","guid":{"rendered":"https:\/\/www.avl3c.org\/vexinzone109\/?p=993"},"modified":"2024-11-12T16:32:29","modified_gmt":"2024-11-12T15:32:29","slug":"legislatives-votez-non-aux-carrieres","status":"publish","type":"post","link":"https:\/\/www.avl3c.org\/vexinzone109\/legislatives-votez-non-aux-carrieres\/","title":{"rendered":"L\u00e9gislatives : Votez Non aux carri\u00e8res"},"content":{"rendered":"<p>Chers  adh\u00e9rents, chers amis,<\/p>\n<p>Plus que jamais, il faut agir, tous ensemble, pour remettre en question le  projet de carri\u00e8res et de prolongation de l&rsquo;usine Heidelberg Calcia. Nous avons l&rsquo;espoir de l&#8217;emporter.<\/p>\n<p>En effet, de nombreux \u00e9lus ont \u00e9tudi\u00e9 et repris nos arguments sur les nuisances particuli\u00e8res du projet, -trop pr\u00e8s des habitations en ce qui concerne la carri\u00e8re, avec des risques av\u00e9r\u00e9s pour la sant\u00e9 des habitants riverains de l&rsquo;usine dans la vall\u00e9e, des risques pour l&rsquo;eau potable de la vall\u00e9e de la Montcient, l&rsquo;atteinte au d\u00e9veloppement \u00e9conomique du Vexin, la disparition des terres agricoles. <\/p>\n<p>Plus de trente maires ont sign\u00e9 la \u00ab\u00a0motion des maires\u00a0\u00bb initi\u00e9e par Bruno Caffin, maire de Brueil, demandant l&rsquo;abandon d\u00e9finitif de ce projet p\u00e9rim\u00e9 eu \u00e9gard aux probl\u00e8mes de transition \u00e9cologique&#8230;..<\/p>\n<p>Aujourd&rsquo;hui, nous sommes \u00e0 la veille des \u00e9lections l\u00e9gislatives ( 11 et 18 Juin). <\/p>\n<p>Nous avons rencontr\u00e9 les principaux candidats de cette \u00e9lection, nous leur avons demand\u00e9 leur position sur la question des carri\u00e8res.<\/p>\n<p>Notre association n&rsquo;\u00e9tant pas un mouvement politique, nous les avons inform\u00e9s que nous n&rsquo;appelons pas \u00e0 voter pour tel ou telle, mais que nous  proposons \u00e0 nos adh\u00e9rents et sympathisants d&rsquo; \u00e9carter les candidats favorables aux projet HeidelbergcementCalcia,<\/p>\n<p>Donc, deux cat\u00e9gories de candidats :<\/p>\n<p><strong>I. Les candidats  qui ont affirm\u00e9 leur opposition au  projet HeidelbergCement Calcia. <\/strong> <\/p>\n<p>Par ordre alphab\u00e9tique :<\/p>\n<p>&#8211;<strong>Romain Carbonne<\/strong>, ( candidat France insoumise, EELV, Ensemble!, Parti de Gauche, Ensemble pour une gauche citoyenne, Nouvelle Donne, les Communistes Insoumis). Il a affirm\u00e9 son opposition au projet et \u00e9crit dans un de ses tracts de campagne qu&rsquo;il  \u00ab\u00a0rejoint la fronde anticarri\u00e8res\u00a0\u00bb<\/p>\n<p>&#8211; <strong>Fran\u00e7oise Descamps Crosnier<\/strong>, PS, d\u00e9put\u00e9e sortante. Elle a rejoint l&rsquo;an dernier le camp des opposants au projet, l&rsquo;a dit lors de r\u00e9unions publiques et l&rsquo;a inscrit dans ses d\u00e9clarations de campagnes. <\/p>\n<p>&#8211;<strong>St\u00e9phane Hazan<\/strong>, candidat soutenu par l&rsquo;UDI et une fraction d&rsquo;En Marche dans la r\u00e9gion. Il a sign\u00e9 la \u00ab\u00a0motion des maires\u00a0\u00bb demandant le retrait d\u00e9finitif du projet, en tant que maire de Lainville. <\/p>\n<p>&#8211;<strong>Fran\u00e7ois Sim\u00e9oni<\/strong>, FN, refuse clairement le projet HeidelbergCement Calcia. Il le dit et l&rsquo;\u00e9crit depuis le d\u00e9but, comme il demande l&rsquo;abrogation de la Zone 109.<\/p>\n<p>&#8211;<strong>Michel Vialay<\/strong>, LR, maire de Mantes la Jolie, s&rsquo;est ralli\u00e9 r\u00e9cemment au camp des opposants (alors qu&rsquo;il est proche de Pierre B\u00e9dier,  partisan du projet.) Michel Vialay a pris position publiquement et a sign\u00e9 la \u00ab\u00a0motion des maires\u00a0\u00bb. Son suppl\u00e9ant,  Philippe Pascal, est le premier adjoint de Brueil-en-Vexin et ancien pr\u00e9sident de notre association,  tr\u00e8s au fait du dossier. <\/p>\n<p><strong>II. Les candidats qui ne s&rsquo;opposent pas au projet HeidelbergCement Calcia<\/strong><\/p>\n<p>Par ordre alphab\u00e9tique: <\/p>\n<p>&#8211; <strong>Khadidja Moubnib<\/strong>, candidate d&rsquo;En Marche, r\u00e9cus\u00e9e par une partie du mouvement,  ex-conseill\u00e8re municipale de Mantes la Jolie. Elle s&rsquo;est vivement int\u00e9ress\u00e9e au dossier, a voulu rencontrer tous les protagonistes et se poser en m\u00e9diatrice&#8230;.. En guise de prise de position, elle nous a fait parvenir un texte tr\u00e8s peu clair, avec beaucoup d&rsquo;erreurs, intitul\u00e9 \u00ab\u00a0Le courage de dire non,\u00a0\u00bb o\u00f9 il faut lire en fait:  \u00ab\u00a0Le courage de dire non \u00e0 ceux qui disent non au projet\u00a0\u00bb&#8230;.<\/p>\n<p>&#8211; <strong>Eric Roulot<\/strong>, maire de Limay, candidat communiste soutenu par une partie du PC local. Depuis le d\u00e9but, il estime qu&rsquo;une \u00ab\u00a0exploitation exemplaire\u00a0\u00bb de la carri\u00e8re serait possible, et a \u00e9crit au pr\u00e9fet en ce sens en 2015. Fin 2016, en tant que vice-pr\u00e9sident charg\u00e9 de l&rsquo;environnement \u00e0 la communaut\u00e9 urbaine, il a demand\u00e9 \u00e0 la R\u00e9gion de financer des \u00e9tudes compl\u00e9mentaires sur l&rsquo;eau. Il estime ne pas pouvoir prendre position contre le projet avant d&rsquo;avoir eu le r\u00e9sultat de ces \u00e9tudes, qui n&rsquo;ont pas \u00e9t\u00e9 entreprises \u00e0 ce jour, la R\u00e9gion tardant \u00e0 r\u00e9pondre.<\/p>\n<p>Chers amis, nous vous laissons tirer les conclusions, avant d&rsquo;aller  voter en conscience. <\/p>\n<p>Vous trouverez ici notre dernier tract, r\u00e9sumant les raisons de notre opposition aux carri\u00e8res. A faire circuler sans mod\u00e9ration : <doc390|center><\/p>\n","protected":false},"excerpt":{"rendered":"<p>Chers adh\u00e9rents, chers amis, Plus que jamais, il faut agir, tous ensemble, pour remettre en question le projet de carri\u00e8res et de prolongation de l&rsquo;usine Heidelberg Calcia. Nous avons l&rsquo;espoir de l&#8217;emporter. En effet, de nombreux \u00e9lus ont \u00e9tudi\u00e9 et repris nos arguments sur les nuisances particuli\u00e8res du projet, -trop pr\u00e8s des habitations en ce [&hellip;]<\/p>\n","protected":false},"author":1,"featured_media":0,"comment_status":"closed","ping_status":"open","sticky":false,"template":"","format":"standard","meta":{"footnotes":""},"categories":[55],"tags":[],"class_list":["post-993","post","type-post","status-publish","format-standard","hentry","category-nos-publications"],"_links":{"self":[{"href":"https:\/\/www.avl3c.org\/vexinzone109\/wp-json\/wp\/v2\/posts\/993","targetHints":{"allow":["GET"]}}],"collection":[{"href":"https:\/\/www.avl3c.org\/vexinzone109\/wp-json\/wp\/v2\/posts"}],"about":[{"href":"https:\/\/www.avl3c.org\/vexinzone109\/wp-json\/wp\/v2\/types\/post"}],"author":[{"embeddable":true,"href":"https:\/\/www.avl3c.org\/vexinzone109\/wp-json\/wp\/v2\/users\/1"}],"replies":[{"embeddable":true,"href":"https:\/\/www.avl3c.org\/vexinzone109\/wp-json\/wp\/v2\/comments?post=993"}],"version-history":[{"count":1,"href":"https:\/\/www.avl3c.org\/vexinzone109\/wp-json\/wp\/v2\/posts\/993\/revisions"}],"predecessor-version":[{"id":2493,"href":"https:\/\/www.avl3c.org\/vexinzone109\/wp-json\/wp\/v2\/posts\/993\/revisions\/2493"}],"wp:attachment":[{"href":"https:\/\/www.avl3c.org\/vexinzone109\/wp-json\/wp\/v2\/media?parent=993"}],"wp:term":[{"taxonomy":"category","embeddable":true,"href":"https:\/\/www.avl3c.org\/vexinzone109\/wp-json\/wp\/v2\/categories?post=993"},{"taxonomy":"post_tag","embeddable":true,"href":"https:\/\/www.avl3c.org\/vexinzone109\/wp-json\/wp\/v2\/tags?post=993"}],"curies":[{"name":"wp","href":"https:\/\/api.w.org\/{rel}","templated":true}]}}