{"id":997,"date":"2017-06-01T22:28:00","date_gmt":"2017-06-01T20:28:00","guid":{"rendered":"https:\/\/www.avl3c.org\/vexinzone109\/?p=997"},"modified":"2024-11-12T16:32:29","modified_gmt":"2024-11-12T15:32:29","slug":"gargenville-la-zone-industrielle-qui-se-metamorphose-en-zone-de-residence","status":"publish","type":"post","link":"https:\/\/www.avl3c.org\/vexinzone109\/gargenville-la-zone-industrielle-qui-se-metamorphose-en-zone-de-residence\/","title":{"rendered":"Gargenville : la zone industrielle qui se m\u00e9tamorphose en zone de r\u00e9sidence!"},"content":{"rendered":"<p>Ah ces politiques am\u00e9nageurs , grands architectes de nos \u00e9cosyst\u00e8mes.<br \/>\nNon seulement , la cr\u00e8che va \u00eatre construite a moins de 1.2 kms de la chemin\u00e9e CALCIA mais il faut \u00e9galement prendre en compte la localisation \u00ab\u00a0privil\u00e9gi\u00e9e \u00ab\u00a0QUI FAIT PASSER UNE ZONE EX INDUSTRIELLE\u00a0\u00bb en zone de r\u00e9sidence.<\/p>\n<p><a href=\"https:\/\/www.leparisien.fr\/yvelines-78\/gargenville-78440\/gargenville-96-logements-et-une-creche-dans-le-nouveau-quartier-11-06-2017-7039518.php\" target=\"_blank\" rel=\"noopener noreferrer\">Article Le Parisien Yvelines<\/a><\/p>\n","protected":false},"excerpt":{"rendered":"<p>Ah ces politiques am\u00e9nageurs , grands architectes de nos \u00e9cosyst\u00e8mes. Non seulement , la cr\u00e8che va \u00eatre construite a moins de 1.2 kms de la chemin\u00e9e CALCIA mais il faut \u00e9galement prendre en compte la localisation \u00ab\u00a0privil\u00e9gi\u00e9e \u00ab\u00a0QUI FAIT PASSER UNE ZONE EX INDUSTRIELLE\u00a0\u00bb en zone de r\u00e9sidence. Article Le Parisien Yvelines<\/p>\n","protected":false},"author":1,"featured_media":0,"comment_status":"closed","ping_status":"open","sticky":false,"template":"","format":"standard","meta":{"footnotes":""},"categories":[51],"tags":[],"class_list":["post-997","post","type-post","status-publish","format-standard","hentry","category-sinformer"],"_links":{"self":[{"href":"https:\/\/www.avl3c.org\/vexinzone109\/wp-json\/wp\/v2\/posts\/997","targetHints":{"allow":["GET"]}}],"collection":[{"href":"https:\/\/www.avl3c.org\/vexinzone109\/wp-json\/wp\/v2\/posts"}],"about":[{"href":"https:\/\/www.avl3c.org\/vexinzone109\/wp-json\/wp\/v2\/types\/post"}],"author":[{"embeddable":true,"href":"https:\/\/www.avl3c.org\/vexinzone109\/wp-json\/wp\/v2\/users\/1"}],"replies":[{"embeddable":true,"href":"https:\/\/www.avl3c.org\/vexinzone109\/wp-json\/wp\/v2\/comments?post=997"}],"version-history":[{"count":1,"href":"https:\/\/www.avl3c.org\/vexinzone109\/wp-json\/wp\/v2\/posts\/997\/revisions"}],"predecessor-version":[{"id":1984,"href":"https:\/\/www.avl3c.org\/vexinzone109\/wp-json\/wp\/v2\/posts\/997\/revisions\/1984"}],"wp:attachment":[{"href":"https:\/\/www.avl3c.org\/vexinzone109\/wp-json\/wp\/v2\/media?parent=997"}],"wp:term":[{"taxonomy":"category","embeddable":true,"href":"https:\/\/www.avl3c.org\/vexinzone109\/wp-json\/wp\/v2\/categories?post=997"},{"taxonomy":"post_tag","embeddable":true,"href":"https:\/\/www.avl3c.org\/vexinzone109\/wp-json\/wp\/v2\/tags?post=997"}],"curies":[{"name":"wp","href":"https:\/\/api.w.org\/{rel}","templated":true}]}}